{"id":8312,"date":"2015-06-08T21:12:25","date_gmt":"2015-06-08T18:12:25","guid":{"rendered":"http:\/\/www.ozdeyis.net\/?p=8312"},"modified":"2026-03-20T09:15:08","modified_gmt":"2026-03-20T09:15:08","slug":"tanrinin-insana-sinirli-bir-akil-verdigini-dusununce-ayni-sinirlamayi-onun-aptalligina-yapmamasi-buyuk-haksizlik-konrad-adenauer","status":"publish","type":"post","link":"https:\/\/e-motivasyon.net\/en\/tanrinin-insana-sinirli-bir-akil-verdigini-dusununce-ayni-sinirlamayi-onun-aptalligina-yapmamasi-buyuk-haksizlik-konrad-adenauer.html","title":{"rendered":"\u201cConsidering that God has given man a limited mind, it is very unfair that he does not impose the same limitation on his stupidity.\u201d Konrad Adenauer"},"content":{"rendered":"<h3 style=\"text-align: center;\"><strong><em>\u201cConsidering that God has given man a limited mind, it is very unfair that he does not impose the same limitation on his stupidity.\u201d Konrad Adenauer<\/em><\/strong><\/h3>\n<p style=\"text-align: center;\"><a href=\"https:\/\/e-motivasyon.net\/wp-content\/uploads\/2020\/09\/e-motivasyon.net_zihin_sozleri.jpg\"><img loading=\"lazy\" decoding=\"async\" class=\"alignnone size-full wp-image-57920\" src=\"https:\/\/e-motivasyon.net\/wp-content\/uploads\/2020\/09\/e-motivasyon.net_zihin_sozleri.jpg\" alt=\"\" width=\"1024\" height=\"729\" srcset=\"https:\/\/e-motivasyon.net\/wp-content\/uploads\/2020\/09\/e-motivasyon.net_zihin_sozleri.jpg 1024w, https:\/\/e-motivasyon.net\/wp-content\/uploads\/2020\/09\/e-motivasyon.net_zihin_sozleri-300x214.jpg 300w, https:\/\/e-motivasyon.net\/wp-content\/uploads\/2020\/09\/e-motivasyon.net_zihin_sozleri-768x547.jpg 768w, https:\/\/e-motivasyon.net\/wp-content\/uploads\/2020\/09\/e-motivasyon.net_zihin_sozleri-18x12.jpg 18w, https:\/\/e-motivasyon.net\/wp-content\/uploads\/2020\/09\/e-motivasyon.net_zihin_sozleri-1000x712.jpg 1000w, https:\/\/e-motivasyon.net\/wp-content\/uploads\/2020\/09\/e-motivasyon.net_zihin_sozleri-230x164.jpg 230w, https:\/\/e-motivasyon.net\/wp-content\/uploads\/2020\/09\/e-motivasyon.net_zihin_sozleri-350x249.jpg 350w, https:\/\/e-motivasyon.net\/wp-content\/uploads\/2020\/09\/e-motivasyon.net_zihin_sozleri-480x342.jpg 480w\" sizes=\"auto, (max-width: 1024px) 100vw, 1024px\" \/><\/a><\/p>\n<p data-start=\"0\" data-end=\"702\">\u201cTanr\u0131n\u0131n insana s\u0131n\u0131rl\u0131 bir ak\u0131l verdi\u011fini d\u00fc\u015f\u00fcn\u00fcnce, ayn\u0131 s\u0131n\u0131rlamay\u0131 onun aptall\u0131\u011f\u0131na yapmamas\u0131 b\u00fcy\u00fck haks\u0131zl\u0131k.\u201d s\u00f6z\u00fcyle <span class=\"hover:entity-accent entity-underline inline cursor-pointer align-baseline\"><span class=\"whitespace-normal\">Konrad Adenauer<\/span><\/span>, insan do\u011fas\u0131n\u0131n ironik bir ger\u00e7e\u011fini mizahi ama keskin bir dille ortaya koyar. \u0130nsan akl\u0131 do\u011fal olarak s\u0131n\u0131rl\u0131d\u0131r; hepimiz eksik bilgiyle karar verir, yan\u0131l\u0131r ve \u00f6\u011freniriz. Ancak sorun, hatan\u0131n kendisi de\u011fil, ki\u015finin kendi s\u0131n\u0131rl\u0131l\u0131\u011f\u0131n\u0131n fark\u0131nda olmamas\u0131d\u0131r. Adenauer\u2019in s\u00f6z\u00fcnde ele\u015ftirilen \u015fey zek\u00e2 eksikli\u011fi de\u011fil, d\u00fc\u015f\u00fcnmeden kesin yarg\u0131lara varma e\u011filimidir. <strong data-start=\"527\" data-end=\"615\">\u0130nsan \u00e7o\u011fu zaman bilmedi\u011fi \u015feylerden de\u011fil, bildi\u011fini sand\u0131\u011f\u0131 \u015feylerden zarar g\u00f6r\u00fcr.<\/strong> Bu y\u00fczden ger\u00e7ek bilgelik, her \u015feyi bilmekten \u00e7ok, neyi bilmedi\u011fini fark edebilmektir.<\/p>\n<p data-start=\"704\" data-end=\"1234\">Bu s\u00f6zden ilhamla g\u00fcnl\u00fck hayatta uygulanabilecek pratik \u00f6neri \u015fudur: <strong data-start=\"773\" data-end=\"858\">\u201cYan\u0131l\u0131yor olabilirim\u201d c\u00fcmlesini bilin\u00e7li olarak kullanma al\u0131\u015fkanl\u0131\u011f\u0131 geli\u015ftirin.<\/strong> Tart\u0131\u015fmalarda, karar anlar\u0131nda ya da g\u00fc\u00e7l\u00fc bir fikir savunurken bu k\u00fc\u00e7\u00fck zihinsel fren mekanizmas\u0131 devreye girer. Bu ifade zay\u0131fl\u0131k de\u011fil, zihinsel olgunluk g\u00f6stergesidir. \u00c7\u00fcnk\u00fc bu yakla\u015f\u0131m \u00f6\u011frenmeye alan a\u00e7ar, ileti\u015fimde gerilimi azalt\u0131r ve farkl\u0131 bak\u0131\u015f a\u00e7\u0131lar\u0131n\u0131 de\u011ferlendirmemizi sa\u011flar. <strong data-start=\"1150\" data-end=\"1234\">Al\u00e7akg\u00f6n\u00fcll\u00fc d\u00fc\u015f\u00fcnce, akl\u0131n kapasitesini geni\u015fleten en g\u00fc\u00e7l\u00fc ara\u00e7lardan biridir.<\/strong><\/p>\n<p data-start=\"1236\" data-end=\"1759\">G\u00fcnl\u00fck ya\u015famda bunu net bi\u00e7imde g\u00f6rebiliriz. \u0130\u015f yerinde her \u015feyi bildi\u011fini d\u00fc\u015f\u00fcnen bir y\u00f6netici ekipten koparken, soru soran ve \u00f6\u011frenmeye a\u00e7\u0131k olan lider g\u00fcven kazan\u0131r. \u0130li\u015fkilerde de benzer bir durum ya\u015fan\u0131r; hakl\u0131 \u00e7\u0131kmaya odaklanan ki\u015filer uzakla\u015f\u0131rken, anlamaya \u00e7al\u0131\u015fan ki\u015filer ba\u011f kurar. \u0130nsan geli\u015fimi \u00e7o\u011fu zaman daha fazla bilgi edinmekten de\u011fil, yanl\u0131\u015f olma ihtimalini kabul etmekten ba\u015flar. <em data-start=\"1635\" data-end=\"1759\"><strong data-start=\"1636\" data-end=\"1758\">Ger\u00e7ek ak\u0131l, yan\u0131lmaz olmakta de\u011fil; gerekti\u011finde d\u00fc\u015f\u00fcncesini de\u011fi\u015ftirebilecek kadar bilin\u00e7li ve esnek olabilmektedir.<\/strong><\/em><\/p>\n<hr data-start=\"1761\" data-end=\"1764\" \/>\n<h3 data-start=\"1766\" data-end=\"2292\"><strong data-start=\"1766\" data-end=\"1793\">Konrad Adenauer Kimdir?<\/strong><\/h3>\n<p data-start=\"1766\" data-end=\"2292\" data-is-last-node=\"\" data-is-only-node=\"\">Konrad Adenauer (1876-1967) Alman devlet adam\u0131 ve Bat\u0131 Almanya\u2019n\u0131n ilk ba\u015fbakan\u0131d\u0131r. II. D\u00fcnya Sava\u015f\u0131 sonras\u0131nda Almanya\u2019n\u0131n yeniden yap\u0131lanma s\u00fcrecinde \u00f6nemli rol oynam\u0131\u015f, demokratik kurumlar\u0131n g\u00fc\u00e7lendirilmesi ve Avrupa b\u00fct\u00fcnle\u015fmesi fikrinin geli\u015fmesinde etkili olmu\u015ftur. Siyasi liderli\u011finin yan\u0131 s\u0131ra keskin zek\u00e2s\u0131 ve n\u00fckteli s\u00f6zleriyle tan\u0131nan Adenauer, pragmatik yakla\u015f\u0131m\u0131 ve ger\u00e7ek\u00e7i politikalar\u0131yla modern Avrupa siyasetinin \u015fekillenmesinde belirleyici fig\u00fcrlerden biri olarak kabul edilir.<\/p>\n<hr \/>\n<blockquote class=\"wp-embedded-content\" data-secret=\"j4V7FOTeAF\"><p><a href=\"https:\/\/e-motivasyon.net\/en\/insanlara-dair-sozler-ve-ozdeyisler.html\/\">\u0130nsanlara Dair \u00d6zl\u00fc S\u00f6zler ve \u00d6zdeyi\u015fler<\/a><\/p><\/blockquote>\n<p><iframe loading=\"lazy\" class=\"wp-embedded-content\" sandbox=\"allow-scripts\" security=\"restricted\" style=\"position: absolute; visibility: hidden;\" title=\"&#8220;\u0130nsanlara Dair \u00d6zl\u00fc S\u00f6zler ve \u00d6zdeyi\u015fler&#8221; &#8212; E-Motivasyon\" src=\"https:\/\/e-motivasyon.net\/insanlara-dair-sozler-ve-ozdeyisler.html\/embed#?secret=TTeQuRx140#?secret=j4V7FOTeAF\" data-secret=\"j4V7FOTeAF\" width=\"600\" height=\"338\" frameborder=\"0\" marginwidth=\"0\" marginheight=\"0\" scrolling=\"no\"><\/iframe><\/p>\n<p style=\"text-align: center;\"><a href=\"https:\/\/ozdeyis.net\/\">\u00d6zdeyi\u015f.Net | \ud83e\udd8b Pozitif \u00d6zl\u00fc S\u00f6zler<\/a><\/p>","protected":false},"excerpt":{"rendered":"<p>&#8220;Tanr\u0131n\u0131n insana s\u0131n\u0131rl\u0131 bir ak\u0131l verdi\u011fini d\u00fc\u015f\u00fcn\u00fcnce, ayn\u0131 s\u0131n\u0131rlamay\u0131 onun aptall\u0131\u011f\u0131na yapmamas\u0131 b\u00fcy\u00fck haks\u0131zl\u0131k.&#8221; Konrad Adenauer [&hellip;]<\/p>\n","protected":false},"author":13538,"featured_media":0,"comment_status":"open","ping_status":"closed","sticky":false,"template":"","format":"standard","meta":{"footnotes":""},"categories":[758,556],"tags":[1254],"class_list":["post-8312","post","type-post","status-publish","format-standard","hentry","category-bilim-ve-bilgelik-ozlu-sozleri","category-insanlara-dair-ozlu-sozler","tag-konrad-adenauer-ozlu-sozleri"],"yoast_head":"<!-- This site is optimized with the Yoast SEO plugin v27.0 - https:\/\/yoast.com\/product\/yoast-seo-wordpress\/ -->\n<title>&quot;Tanr\u0131n\u0131n insana s\u0131n\u0131rl\u0131 bir ak\u0131l verdi\u011fini d\u00fc\u015f\u00fcn\u00fcnce, ayn\u0131 s\u0131n\u0131rlamay\u0131 onun aptall\u0131\u011f\u0131na yapmamas\u0131 b\u00fcy\u00fck haks\u0131zl\u0131k.&quot; Konrad Adenauer | E-Motivasyon<\/title>\n<meta name=\"description\" content=\"&quot;Tanr\u0131n\u0131n insana s\u0131n\u0131rl\u0131 bir ak\u0131l verdi\u011fini d\u00fc\u015f\u00fcn\u00fcnce, ayn\u0131 s\u0131n\u0131rlamay\u0131 onun aptall\u0131\u011f\u0131na yapmamas\u0131 b\u00fcy\u00fck haks\u0131zl\u0131k.&quot; Konrad Adenauer\" \/>\n<meta name=\"robots\" content=\"index, follow, max-snippet:-1, max-image-preview:large, max-video-preview:-1\" \/>\n<link rel=\"canonical\" href=\"https:\/\/e-motivasyon.net\/en\/tanrinin-insana-sinirli-bir-akil-verdigini-dusununce-ayni-sinirlamayi-onun-aptalligina-yapmamasi-buyuk-haksizlik-konrad-adenauer.html\/\" \/>\n<meta property=\"og:locale\" content=\"en_GB\" \/>\n<meta property=\"og:type\" content=\"article\" \/>\n<meta property=\"og:title\" content=\"&quot;Tanr\u0131n\u0131n insana s\u0131n\u0131rl\u0131 bir ak\u0131l verdi\u011fini d\u00fc\u015f\u00fcn\u00fcnce, ayn\u0131 s\u0131n\u0131rlamay\u0131 onun aptall\u0131\u011f\u0131na yapmamas\u0131 b\u00fcy\u00fck haks\u0131zl\u0131k.&quot; Konrad Adenauer | E-Motivasyon\" \/>\n<meta property=\"og:description\" content=\"&quot;Tanr\u0131n\u0131n insana s\u0131n\u0131rl\u0131 bir ak\u0131l verdi\u011fini d\u00fc\u015f\u00fcn\u00fcnce, ayn\u0131 s\u0131n\u0131rlamay\u0131 onun aptall\u0131\u011f\u0131na yapmamas\u0131 b\u00fcy\u00fck haks\u0131zl\u0131k.&quot; Konrad Adenauer\" \/>\n<meta property=\"og:url\" content=\"https:\/\/e-motivasyon.net\/en\/tanrinin-insana-sinirli-bir-akil-verdigini-dusununce-ayni-sinirlamayi-onun-aptalligina-yapmamasi-buyuk-haksizlik-konrad-adenauer.html\/\" \/>\n<meta property=\"og:site_name\" content=\"E-Motivasyon\" \/>\n<meta property=\"article:publisher\" content=\"https:\/\/www.facebook.com\/emotivasyon\" \/>\n<meta property=\"article:published_time\" content=\"2015-06-08T18:12:25+00:00\" \/>\n<meta property=\"article:modified_time\" content=\"2026-03-20T09:15:08+00:00\" \/>\n<meta property=\"og:image\" content=\"https:\/\/e-motivasyon.net\/wp-content\/uploads\/2020\/09\/e-motivasyon.net_zihin_sozleri.jpg\" \/>\n\t<meta property=\"og:image:width\" content=\"1024\" \/>\n\t<meta property=\"og:image:height\" content=\"729\" \/>\n\t<meta property=\"og:image:type\" content=\"image\/jpeg\" \/>\n<meta name=\"author\" content=\"\u00d6zdeyi\u015f.Net\" \/>\n<meta name=\"twitter:card\" content=\"summary_large_image\" \/>\n<meta name=\"twitter:creator\" content=\"@emotivasyon\" \/>\n<meta name=\"twitter:site\" content=\"@emotivasyon\" \/>\n<meta name=\"twitter:label1\" content=\"Written by\" \/>\n\t<meta name=\"twitter:data1\" content=\"\u00d6zdeyi\u015f.Net\" \/>\n\t<meta name=\"twitter:label2\" content=\"Estimated reading time\" \/>\n\t<meta name=\"twitter:data2\" content=\"2 minutes\" \/>\n<script type=\"application\/ld+json\" class=\"yoast-schema-graph\">{\"@context\":\"https:\/\/schema.org\",\"@graph\":[{\"@type\":\"Article\",\"@id\":\"https:\/\/e-motivasyon.net\/tanrinin-insana-sinirli-bir-akil-verdigini-dusununce-ayni-sinirlamayi-onun-aptalligina-yapmamasi-buyuk-haksizlik-konrad-adenauer.html#article\",\"isPartOf\":{\"@id\":\"https:\/\/e-motivasyon.net\/tanrinin-insana-sinirli-bir-akil-verdigini-dusununce-ayni-sinirlamayi-onun-aptalligina-yapmamasi-buyuk-haksizlik-konrad-adenauer.html\"},\"author\":{\"name\":\"\u00d6zdeyi\u015f.Net\",\"@id\":\"https:\/\/e-motivasyon.net\/#\/schema\/person\/04a8a45f6df4bb11e3a7aeb41500c0a5\"},\"headline\":\"&#8220;Tanr\u0131n\u0131n insana s\u0131n\u0131rl\u0131 bir ak\u0131l verdi\u011fini d\u00fc\u015f\u00fcn\u00fcnce, ayn\u0131 s\u0131n\u0131rlamay\u0131 onun aptall\u0131\u011f\u0131na yapmamas\u0131 b\u00fcy\u00fck haks\u0131zl\u0131k.&#8221; Konrad Adenauer\",\"datePublished\":\"2015-06-08T18:12:25+00:00\",\"dateModified\":\"2026-03-20T09:15:08+00:00\",\"mainEntityOfPage\":{\"@id\":\"https:\/\/e-motivasyon.net\/tanrinin-insana-sinirli-bir-akil-verdigini-dusununce-ayni-sinirlamayi-onun-aptalligina-yapmamasi-buyuk-haksizlik-konrad-adenauer.html\"},\"wordCount\":504,\"commentCount\":0,\"publisher\":{\"@id\":\"https:\/\/e-motivasyon.net\/#organization\"},\"image\":{\"@id\":\"https:\/\/e-motivasyon.net\/tanrinin-insana-sinirli-bir-akil-verdigini-dusununce-ayni-sinirlamayi-onun-aptalligina-yapmamasi-buyuk-haksizlik-konrad-adenauer.html#primaryimage\"},\"thumbnailUrl\":\"https:\/\/e-motivasyon.net\/wp-content\/uploads\/2020\/09\/e-motivasyon.net_zihin_sozleri.jpg\",\"keywords\":[\"Konrad Adenauer\"],\"articleSection\":[\"Bilim ve Bilgelik S\u00f6zleri\",\"\u0130nsanlara Dair S\u00f6zler\"],\"inLanguage\":\"en-GB\",\"potentialAction\":[{\"@type\":\"CommentAction\",\"name\":\"Comment\",\"target\":[\"https:\/\/e-motivasyon.net\/tanrinin-insana-sinirli-bir-akil-verdigini-dusununce-ayni-sinirlamayi-onun-aptalligina-yapmamasi-buyuk-haksizlik-konrad-adenauer.html#respond\"]}]},{\"@type\":\"WebPage\",\"@id\":\"https:\/\/e-motivasyon.net\/tanrinin-insana-sinirli-bir-akil-verdigini-dusununce-ayni-sinirlamayi-onun-aptalligina-yapmamasi-buyuk-haksizlik-konrad-adenauer.html\",\"url\":\"https:\/\/e-motivasyon.net\/tanrinin-insana-sinirli-bir-akil-verdigini-dusununce-ayni-sinirlamayi-onun-aptalligina-yapmamasi-buyuk-haksizlik-konrad-adenauer.html\",\"name\":\"\\\"Tanr\u0131n\u0131n insana s\u0131n\u0131rl\u0131 bir ak\u0131l verdi\u011fini d\u00fc\u015f\u00fcn\u00fcnce, ayn\u0131 s\u0131n\u0131rlamay\u0131 onun aptall\u0131\u011f\u0131na yapmamas\u0131 b\u00fcy\u00fck haks\u0131zl\u0131k.\\\" Konrad Adenauer | E-Motivasyon\",\"isPartOf\":{\"@id\":\"https:\/\/e-motivasyon.net\/#website\"},\"primaryImageOfPage\":{\"@id\":\"https:\/\/e-motivasyon.net\/tanrinin-insana-sinirli-bir-akil-verdigini-dusununce-ayni-sinirlamayi-onun-aptalligina-yapmamasi-buyuk-haksizlik-konrad-adenauer.html#primaryimage\"},\"image\":{\"@id\":\"https:\/\/e-motivasyon.net\/tanrinin-insana-sinirli-bir-akil-verdigini-dusununce-ayni-sinirlamayi-onun-aptalligina-yapmamasi-buyuk-haksizlik-konrad-adenauer.html#primaryimage\"},\"thumbnailUrl\":\"https:\/\/e-motivasyon.net\/wp-content\/uploads\/2020\/09\/e-motivasyon.net_zihin_sozleri.jpg\",\"datePublished\":\"2015-06-08T18:12:25+00:00\",\"dateModified\":\"2026-03-20T09:15:08+00:00\",\"description\":\"\\\"Tanr\u0131n\u0131n insana s\u0131n\u0131rl\u0131 bir ak\u0131l verdi\u011fini d\u00fc\u015f\u00fcn\u00fcnce, ayn\u0131 s\u0131n\u0131rlamay\u0131 onun aptall\u0131\u011f\u0131na yapmamas\u0131 b\u00fcy\u00fck haks\u0131zl\u0131k.\\\" Konrad Adenauer\",\"breadcrumb\":{\"@id\":\"https:\/\/e-motivasyon.net\/tanrinin-insana-sinirli-bir-akil-verdigini-dusununce-ayni-sinirlamayi-onun-aptalligina-yapmamasi-buyuk-haksizlik-konrad-adenauer.html#breadcrumb\"},\"inLanguage\":\"en-GB\",\"potentialAction\":[{\"@type\":\"ReadAction\",\"target\":[\"https:\/\/e-motivasyon.net\/tanrinin-insana-sinirli-bir-akil-verdigini-dusununce-ayni-sinirlamayi-onun-aptalligina-yapmamasi-buyuk-haksizlik-konrad-adenauer.html\"]}]},{\"@type\":\"ImageObject\",\"inLanguage\":\"en-GB\",\"@id\":\"https:\/\/e-motivasyon.net\/tanrinin-insana-sinirli-bir-akil-verdigini-dusununce-ayni-sinirlamayi-onun-aptalligina-yapmamasi-buyuk-haksizlik-konrad-adenauer.html#primaryimage\",\"url\":\"https:\/\/e-motivasyon.net\/wp-content\/uploads\/2020\/09\/e-motivasyon.net_zihin_sozleri.jpg\",\"contentUrl\":\"https:\/\/e-motivasyon.net\/wp-content\/uploads\/2020\/09\/e-motivasyon.net_zihin_sozleri.jpg\"},{\"@type\":\"BreadcrumbList\",\"@id\":\"https:\/\/e-motivasyon.net\/tanrinin-insana-sinirli-bir-akil-verdigini-dusununce-ayni-sinirlamayi-onun-aptalligina-yapmamasi-buyuk-haksizlik-konrad-adenauer.html#breadcrumb\",\"itemListElement\":[{\"@type\":\"ListItem\",\"position\":1,\"name\":\"Ana Sayfa\",\"item\":\"https:\/\/e-motivasyon.net\/\"},{\"@type\":\"ListItem\",\"position\":2,\"name\":\"&#8220;Tanr\u0131n\u0131n insana s\u0131n\u0131rl\u0131 bir ak\u0131l verdi\u011fini d\u00fc\u015f\u00fcn\u00fcnce, ayn\u0131 s\u0131n\u0131rlamay\u0131 onun aptall\u0131\u011f\u0131na yapmamas\u0131 b\u00fcy\u00fck haks\u0131zl\u0131k.&#8221; Konrad Adenauer\"}]},{\"@type\":\"WebSite\",\"@id\":\"https:\/\/e-motivasyon.net\/#website\",\"url\":\"https:\/\/e-motivasyon.net\/\",\"name\":\"E-Motivasyon\",\"description\":\"Motivasyon Adresin\",\"publisher\":{\"@id\":\"https:\/\/e-motivasyon.net\/#organization\"},\"alternateName\":\"E-Motivasyon\",\"potentialAction\":[{\"@type\":\"SearchAction\",\"target\":{\"@type\":\"EntryPoint\",\"urlTemplate\":\"https:\/\/e-motivasyon.net\/?s={search_term_string}\"},\"query-input\":{\"@type\":\"PropertyValueSpecification\",\"valueRequired\":true,\"valueName\":\"search_term_string\"}}],\"inLanguage\":\"en-GB\"},{\"@type\":\"Organization\",\"@id\":\"https:\/\/e-motivasyon.net\/#organization\",\"name\":\"e-motivasyon.net\",\"alternateName\":\"E-Motivasyon\",\"url\":\"https:\/\/e-motivasyon.net\/\",\"logo\":{\"@type\":\"ImageObject\",\"inLanguage\":\"en-GB\",\"@id\":\"https:\/\/e-motivasyon.net\/#\/schema\/logo\/image\/\",\"url\":\"http:\/\/e-motivasyon.net\/wp-content\/uploads\/2015\/08\/e-motivasyon.net_.png\",\"contentUrl\":\"http:\/\/e-motivasyon.net\/wp-content\/uploads\/2015\/08\/e-motivasyon.net_.png\",\"width\":200,\"height\":200,\"caption\":\"e-motivasyon.net\"},\"image\":{\"@id\":\"https:\/\/e-motivasyon.net\/#\/schema\/logo\/image\/\"},\"sameAs\":[\"https:\/\/www.facebook.com\/emotivasyon\",\"https:\/\/x.com\/emotivasyon\"]},{\"@type\":\"Person\",\"@id\":\"https:\/\/e-motivasyon.net\/#\/schema\/person\/04a8a45f6df4bb11e3a7aeb41500c0a5\",\"name\":\"\u00d6zdeyi\u015f.Net\",\"image\":{\"@type\":\"ImageObject\",\"inLanguage\":\"en-GB\",\"@id\":\"https:\/\/e-motivasyon.net\/#\/schema\/person\/image\/\",\"url\":\"https:\/\/secure.gravatar.com\/avatar\/12f18ac7cbf1382f6e01ac7a35860273b67eedaeb965abfd2adba980e1f9c198?s=96&d=mm&r=g\",\"contentUrl\":\"https:\/\/secure.gravatar.com\/avatar\/12f18ac7cbf1382f6e01ac7a35860273b67eedaeb965abfd2adba980e1f9c198?s=96&d=mm&r=g\",\"caption\":\"\u00d6zdeyi\u015f.Net\"},\"url\":\"https:\/\/e-motivasyon.net\/en\/author\/ozdeyis\"}]}<\/script>\n<!-- \/ Yoast SEO plugin. -->","yoast_head_json":{"title":"\"Tanr\u0131n\u0131n insana s\u0131n\u0131rl\u0131 bir ak\u0131l verdi\u011fini d\u00fc\u015f\u00fcn\u00fcnce, ayn\u0131 s\u0131n\u0131rlamay\u0131 onun aptall\u0131\u011f\u0131na yapmamas\u0131 b\u00fcy\u00fck haks\u0131zl\u0131k.\" Konrad Adenauer | E-Motivasyon","description":"\"Tanr\u0131n\u0131n insana s\u0131n\u0131rl\u0131 bir ak\u0131l verdi\u011fini d\u00fc\u015f\u00fcn\u00fcnce, ayn\u0131 s\u0131n\u0131rlamay\u0131 onun aptall\u0131\u011f\u0131na yapmamas\u0131 b\u00fcy\u00fck haks\u0131zl\u0131k.\" Konrad Adenauer","robots":{"index":"index","follow":"follow","max-snippet":"max-snippet:-1","max-image-preview":"max-image-preview:large","max-video-preview":"max-video-preview:-1"},"canonical":"https:\/\/e-motivasyon.net\/en\/tanrinin-insana-sinirli-bir-akil-verdigini-dusununce-ayni-sinirlamayi-onun-aptalligina-yapmamasi-buyuk-haksizlik-konrad-adenauer.html\/","og_locale":"en_GB","og_type":"article","og_title":"\"Tanr\u0131n\u0131n insana s\u0131n\u0131rl\u0131 bir ak\u0131l verdi\u011fini d\u00fc\u015f\u00fcn\u00fcnce, ayn\u0131 s\u0131n\u0131rlamay\u0131 onun aptall\u0131\u011f\u0131na yapmamas\u0131 b\u00fcy\u00fck haks\u0131zl\u0131k.\" Konrad Adenauer | E-Motivasyon","og_description":"\"Tanr\u0131n\u0131n insana s\u0131n\u0131rl\u0131 bir ak\u0131l verdi\u011fini d\u00fc\u015f\u00fcn\u00fcnce, ayn\u0131 s\u0131n\u0131rlamay\u0131 onun aptall\u0131\u011f\u0131na yapmamas\u0131 b\u00fcy\u00fck haks\u0131zl\u0131k.\" Konrad Adenauer","og_url":"https:\/\/e-motivasyon.net\/en\/tanrinin-insana-sinirli-bir-akil-verdigini-dusununce-ayni-sinirlamayi-onun-aptalligina-yapmamasi-buyuk-haksizlik-konrad-adenauer.html\/","og_site_name":"E-Motivasyon","article_publisher":"https:\/\/www.facebook.com\/emotivasyon","article_published_time":"2015-06-08T18:12:25+00:00","article_modified_time":"2026-03-20T09:15:08+00:00","og_image":[{"width":1024,"height":729,"url":"https:\/\/e-motivasyon.net\/wp-content\/uploads\/2020\/09\/e-motivasyon.net_zihin_sozleri.jpg","type":"image\/jpeg"}],"author":"\u00d6zdeyi\u015f.Net","twitter_card":"summary_large_image","twitter_creator":"@emotivasyon","twitter_site":"@emotivasyon","twitter_misc":{"Written by":"\u00d6zdeyi\u015f.Net","Estimated reading time":"2 minutes"},"schema":{"@context":"https:\/\/schema.org","@graph":[{"@type":"Article","@id":"https:\/\/e-motivasyon.net\/tanrinin-insana-sinirli-bir-akil-verdigini-dusununce-ayni-sinirlamayi-onun-aptalligina-yapmamasi-buyuk-haksizlik-konrad-adenauer.html#article","isPartOf":{"@id":"https:\/\/e-motivasyon.net\/tanrinin-insana-sinirli-bir-akil-verdigini-dusununce-ayni-sinirlamayi-onun-aptalligina-yapmamasi-buyuk-haksizlik-konrad-adenauer.html"},"author":{"name":"\u00d6zdeyi\u015f.Net","@id":"https:\/\/e-motivasyon.net\/#\/schema\/person\/04a8a45f6df4bb11e3a7aeb41500c0a5"},"headline":"&#8220;Tanr\u0131n\u0131n insana s\u0131n\u0131rl\u0131 bir ak\u0131l verdi\u011fini d\u00fc\u015f\u00fcn\u00fcnce, ayn\u0131 s\u0131n\u0131rlamay\u0131 onun aptall\u0131\u011f\u0131na yapmamas\u0131 b\u00fcy\u00fck haks\u0131zl\u0131k.&#8221; Konrad Adenauer","datePublished":"2015-06-08T18:12:25+00:00","dateModified":"2026-03-20T09:15:08+00:00","mainEntityOfPage":{"@id":"https:\/\/e-motivasyon.net\/tanrinin-insana-sinirli-bir-akil-verdigini-dusununce-ayni-sinirlamayi-onun-aptalligina-yapmamasi-buyuk-haksizlik-konrad-adenauer.html"},"wordCount":504,"commentCount":0,"publisher":{"@id":"https:\/\/e-motivasyon.net\/#organization"},"image":{"@id":"https:\/\/e-motivasyon.net\/tanrinin-insana-sinirli-bir-akil-verdigini-dusununce-ayni-sinirlamayi-onun-aptalligina-yapmamasi-buyuk-haksizlik-konrad-adenauer.html#primaryimage"},"thumbnailUrl":"https:\/\/e-motivasyon.net\/wp-content\/uploads\/2020\/09\/e-motivasyon.net_zihin_sozleri.jpg","keywords":["Konrad Adenauer"],"articleSection":["Bilim ve Bilgelik S\u00f6zleri","\u0130nsanlara Dair S\u00f6zler"],"inLanguage":"en-GB","potentialAction":[{"@type":"CommentAction","name":"Comment","target":["https:\/\/e-motivasyon.net\/tanrinin-insana-sinirli-bir-akil-verdigini-dusununce-ayni-sinirlamayi-onun-aptalligina-yapmamasi-buyuk-haksizlik-konrad-adenauer.html#respond"]}]},{"@type":"WebPage","@id":"https:\/\/e-motivasyon.net\/tanrinin-insana-sinirli-bir-akil-verdigini-dusununce-ayni-sinirlamayi-onun-aptalligina-yapmamasi-buyuk-haksizlik-konrad-adenauer.html","url":"https:\/\/e-motivasyon.net\/tanrinin-insana-sinirli-bir-akil-verdigini-dusununce-ayni-sinirlamayi-onun-aptalligina-yapmamasi-buyuk-haksizlik-konrad-adenauer.html","name":"\"Tanr\u0131n\u0131n insana s\u0131n\u0131rl\u0131 bir ak\u0131l verdi\u011fini d\u00fc\u015f\u00fcn\u00fcnce, ayn\u0131 s\u0131n\u0131rlamay\u0131 onun aptall\u0131\u011f\u0131na yapmamas\u0131 b\u00fcy\u00fck haks\u0131zl\u0131k.\" Konrad Adenauer | E-Motivasyon","isPartOf":{"@id":"https:\/\/e-motivasyon.net\/#website"},"primaryImageOfPage":{"@id":"https:\/\/e-motivasyon.net\/tanrinin-insana-sinirli-bir-akil-verdigini-dusununce-ayni-sinirlamayi-onun-aptalligina-yapmamasi-buyuk-haksizlik-konrad-adenauer.html#primaryimage"},"image":{"@id":"https:\/\/e-motivasyon.net\/tanrinin-insana-sinirli-bir-akil-verdigini-dusununce-ayni-sinirlamayi-onun-aptalligina-yapmamasi-buyuk-haksizlik-konrad-adenauer.html#primaryimage"},"thumbnailUrl":"https:\/\/e-motivasyon.net\/wp-content\/uploads\/2020\/09\/e-motivasyon.net_zihin_sozleri.jpg","datePublished":"2015-06-08T18:12:25+00:00","dateModified":"2026-03-20T09:15:08+00:00","description":"\"Tanr\u0131n\u0131n insana s\u0131n\u0131rl\u0131 bir ak\u0131l verdi\u011fini d\u00fc\u015f\u00fcn\u00fcnce, ayn\u0131 s\u0131n\u0131rlamay\u0131 onun aptall\u0131\u011f\u0131na yapmamas\u0131 b\u00fcy\u00fck haks\u0131zl\u0131k.\" Konrad Adenauer","breadcrumb":{"@id":"https:\/\/e-motivasyon.net\/tanrinin-insana-sinirli-bir-akil-verdigini-dusununce-ayni-sinirlamayi-onun-aptalligina-yapmamasi-buyuk-haksizlik-konrad-adenauer.html#breadcrumb"},"inLanguage":"en-GB","potentialAction":[{"@type":"ReadAction","target":["https:\/\/e-motivasyon.net\/tanrinin-insana-sinirli-bir-akil-verdigini-dusununce-ayni-sinirlamayi-onun-aptalligina-yapmamasi-buyuk-haksizlik-konrad-adenauer.html"]}]},{"@type":"ImageObject","inLanguage":"en-GB","@id":"https:\/\/e-motivasyon.net\/tanrinin-insana-sinirli-bir-akil-verdigini-dusununce-ayni-sinirlamayi-onun-aptalligina-yapmamasi-buyuk-haksizlik-konrad-adenauer.html#primaryimage","url":"https:\/\/e-motivasyon.net\/wp-content\/uploads\/2020\/09\/e-motivasyon.net_zihin_sozleri.jpg","contentUrl":"https:\/\/e-motivasyon.net\/wp-content\/uploads\/2020\/09\/e-motivasyon.net_zihin_sozleri.jpg"},{"@type":"BreadcrumbList","@id":"https:\/\/e-motivasyon.net\/tanrinin-insana-sinirli-bir-akil-verdigini-dusununce-ayni-sinirlamayi-onun-aptalligina-yapmamasi-buyuk-haksizlik-konrad-adenauer.html#breadcrumb","itemListElement":[{"@type":"ListItem","position":1,"name":"Ana Sayfa","item":"https:\/\/e-motivasyon.net\/"},{"@type":"ListItem","position":2,"name":"&#8220;Tanr\u0131n\u0131n insana s\u0131n\u0131rl\u0131 bir ak\u0131l verdi\u011fini d\u00fc\u015f\u00fcn\u00fcnce, ayn\u0131 s\u0131n\u0131rlamay\u0131 onun aptall\u0131\u011f\u0131na yapmamas\u0131 b\u00fcy\u00fck haks\u0131zl\u0131k.&#8221; Konrad Adenauer"}]},{"@type":"WebSite","@id":"https:\/\/e-motivasyon.net\/#website","url":"https:\/\/e-motivasyon.net\/","name":"E-Motivation","description":"Motivasyon Adresin","publisher":{"@id":"https:\/\/e-motivasyon.net\/#organization"},"alternateName":"E-Motivasyon","potentialAction":[{"@type":"SearchAction","target":{"@type":"EntryPoint","urlTemplate":"https:\/\/e-motivasyon.net\/?s={search_term_string}"},"query-input":{"@type":"PropertyValueSpecification","valueRequired":true,"valueName":"search_term_string"}}],"inLanguage":"en-GB"},{"@type":"Organization","@id":"https:\/\/e-motivasyon.net\/#organization","name":"e-motivation.net","alternateName":"E-Motivasyon","url":"https:\/\/e-motivasyon.net\/","logo":{"@type":"ImageObject","inLanguage":"en-GB","@id":"https:\/\/e-motivasyon.net\/#\/schema\/logo\/image\/","url":"http:\/\/e-motivasyon.net\/wp-content\/uploads\/2015\/08\/e-motivasyon.net_.png","contentUrl":"http:\/\/e-motivasyon.net\/wp-content\/uploads\/2015\/08\/e-motivasyon.net_.png","width":200,"height":200,"caption":"e-motivasyon.net"},"image":{"@id":"https:\/\/e-motivasyon.net\/#\/schema\/logo\/image\/"},"sameAs":["https:\/\/www.facebook.com\/emotivasyon","https:\/\/x.com\/emotivasyon"]},{"@type":"Person","@id":"https:\/\/e-motivasyon.net\/#\/schema\/person\/04a8a45f6df4bb11e3a7aeb41500c0a5","name":"ozdeyis.net","image":{"@type":"ImageObject","inLanguage":"en-GB","@id":"https:\/\/e-motivasyon.net\/#\/schema\/person\/image\/","url":"https:\/\/secure.gravatar.com\/avatar\/12f18ac7cbf1382f6e01ac7a35860273b67eedaeb965abfd2adba980e1f9c198?s=96&d=mm&r=g","contentUrl":"https:\/\/secure.gravatar.com\/avatar\/12f18ac7cbf1382f6e01ac7a35860273b67eedaeb965abfd2adba980e1f9c198?s=96&d=mm&r=g","caption":"\u00d6zdeyi\u015f.Net"},"url":"https:\/\/e-motivasyon.net\/en\/author\/ozdeyis"}]}},"_links":{"self":[{"href":"https:\/\/e-motivasyon.net\/en\/wp-json\/wp\/v2\/posts\/8312","targetHints":{"allow":["GET"]}}],"collection":[{"href":"https:\/\/e-motivasyon.net\/en\/wp-json\/wp\/v2\/posts"}],"about":[{"href":"https:\/\/e-motivasyon.net\/en\/wp-json\/wp\/v2\/types\/post"}],"author":[{"embeddable":true,"href":"https:\/\/e-motivasyon.net\/en\/wp-json\/wp\/v2\/users\/13538"}],"replies":[{"embeddable":true,"href":"https:\/\/e-motivasyon.net\/en\/wp-json\/wp\/v2\/comments?post=8312"}],"version-history":[{"count":2,"href":"https:\/\/e-motivasyon.net\/en\/wp-json\/wp\/v2\/posts\/8312\/revisions"}],"predecessor-version":[{"id":59419,"href":"https:\/\/e-motivasyon.net\/en\/wp-json\/wp\/v2\/posts\/8312\/revisions\/59419"}],"wp:attachment":[{"href":"https:\/\/e-motivasyon.net\/en\/wp-json\/wp\/v2\/media?parent=8312"}],"wp:term":[{"taxonomy":"category","embeddable":true,"href":"https:\/\/e-motivasyon.net\/en\/wp-json\/wp\/v2\/categories?post=8312"},{"taxonomy":"post_tag","embeddable":true,"href":"https:\/\/e-motivasyon.net\/en\/wp-json\/wp\/v2\/tags?post=8312"}],"curies":[{"name":"wp","href":"https:\/\/api.w.org\/{rel}","templated":true}]}}