{"id":5813,"date":"2014-12-26T14:51:59","date_gmt":"2014-12-26T12:51:59","guid":{"rendered":"http:\/\/www.ozdeyis.net\/?p=5813"},"modified":"2026-01-29T15:56:22","modified_gmt":"2026-01-29T15:56:22","slug":"istemek-istiyorum-demek-degil-harekete-gecmektir-andre-maurois","status":"publish","type":"post","link":"https:\/\/e-motivasyon.net\/en\/istemek-istiyorum-demek-degil-harekete-gecmektir-andre-maurois.html","title":{"rendered":"&quot;Request; It&#039;s not saying I want it, it&#039;s taking action.&quot; Andr\u00e9 Maurois"},"content":{"rendered":"<h3 style=\"text-align: center;\"><em><strong>&quot;Request; It&#039;s not saying I want it, it&#039;s taking action.&quot; Andr\u00e9 Maurois<\/strong><\/em><\/h3>\n<p><a href=\"https:\/\/e-motivasyon.net\/wp-content\/uploads\/2015\/09\/e-motivasyon.net_basari_korkusu_testi.jpg\"><img loading=\"lazy\" decoding=\"async\" class=\"wp-image-31824 aligncenter\" src=\"https:\/\/e-motivasyon.net\/wp-content\/uploads\/2015\/09\/e-motivasyon.net_basari_korkusu_testi.jpg\" alt=\"Ba\u015far\u0131 Korkusu Testi... Ba\u015far\u0131, korku duyulan bir \u015fey olabilir mi? \u0130\u015fte bu test, ba\u015far\u0131yla ilgili olas\u0131 korkular\u0131n\u0131z\u0131 ortaya \u00e7\u0131kar\u0131yor.\" width=\"594\" height=\"390\" srcset=\"https:\/\/e-motivasyon.net\/wp-content\/uploads\/2015\/09\/e-motivasyon.net_basari_korkusu_testi.jpg 480w, https:\/\/e-motivasyon.net\/wp-content\/uploads\/2015\/09\/e-motivasyon.net_basari_korkusu_testi-300x197.jpg 300w\" sizes=\"auto, (max-width: 594px) 100vw, 594px\" \/><\/a><\/p>\n<p data-start=\"0\" data-end=\"537\">\u201c<strong data-start=\"1\" data-end=\"56\">\u0130stemek; istiyorum demek de\u011fil, harekete ge\u00e7mektir.<\/strong>\u201d s\u00f6z\u00fc, <strong data-start=\"64\" data-end=\"81\">Andr\u00e9 Maurois<\/strong>\u2019nun insan do\u011fas\u0131na dair net ve sars\u0131c\u0131 tespitlerinden biridir. Bu ifade, arzuyla eylem aras\u0131ndaki kritik fark\u0131 g\u00f6zler \u00f6n\u00fcne serer. \u00c7o\u011fumuz isteriz; daha mutlu olmay\u0131, daha sa\u011fl\u0131kl\u0131 ya\u015famay\u0131, daha anlaml\u0131 bir hayat kurmay\u0131\u2026 Ancak istemek, yaln\u0131zca zihinsel bir niyet olarak kald\u0131\u011f\u0131nda ger\u00e7ek bir d\u00f6n\u00fc\u015f\u00fcm yaratmaz. <strong data-start=\"395\" data-end=\"440\">Ger\u00e7ek istek, davran\u0131\u015fa d\u00f6k\u00fclen istektir.<\/strong> Maurois bize \u015funu hat\u0131rlat\u0131r: Harekete ge\u00e7meyen bir istek, asl\u0131nda tamamlanmam\u0131\u015f bir d\u00fc\u015f\u00fcncedir.<\/p>\n<p data-start=\"539\" data-end=\"973\">Bu s\u00f6zden yola \u00e7\u0131karak g\u00fcnl\u00fck hayatta uygulanabilecek tek ve etkili bir pratik \u00f6neri sunal\u0131m: <strong data-start=\"633\" data-end=\"669\">\u201c\u0130stek\u2013Ad\u0131m E\u015fle\u015ftirme\u201d tekni\u011fi.<\/strong> Siz ve biz, bir \u015feyi \u201cistiyorum\u201d dedi\u011fimiz anda kendimize \u015fu soruyu sorabiliriz: \u201cBu iste\u011fim i\u00e7in bug\u00fcn att\u0131\u011f\u0131m somut ad\u0131m ne?\u201d E\u011fer cevap yoksa, o iste\u011fi hen\u00fcz ger\u00e7ekten istemiyoruz demektir. K\u00fc\u00e7\u00fck de olsa at\u0131lan tek bir ad\u0131m, iste\u011fi hayata ba\u011flar. <strong data-start=\"920\" data-end=\"973\">\u0130stek, ancak eylemle temas etti\u011finde g\u00fc\u00e7 kazan\u0131r.<\/strong><\/p>\n<p data-start=\"975\" data-end=\"1369\">\u00d6rne\u011fin sa\u011fl\u0131kl\u0131 ya\u015famak isteyen biri, bu iste\u011fi yaln\u0131zca dile getirmekle kal\u0131yorsa sonu\u00e7 de\u011fi\u015fmez. Ancak bug\u00fcn k\u0131sa bir y\u00fcr\u00fcy\u00fc\u015f yapmak, bir bardak fazla su i\u00e7mek ya da zararl\u0131 bir al\u0131\u015fkanl\u0131\u011f\u0131 ertelemek; iste\u011fi ger\u00e7ek k\u0131lar. Hayat, niyetleri de\u011fil, ad\u0131mlar\u0131 ciddiye al\u0131r. <strong data-start=\"1247\" data-end=\"1369\"><em data-start=\"1249\" data-end=\"1367\">\u0130stemek; kelimelerle de\u011fil, at\u0131lan ad\u0131mlarla kendini g\u00f6sterir ve bizi oldu\u011fumuz yerden olmak istedi\u011fimiz yere ta\u015f\u0131r.<\/em><\/strong><\/p>\n<hr \/>\n<h3 data-start=\"1678\" data-end=\"1703\">Andr\u00e9 Maurois Kimdir?<\/h3>\n<p data-start=\"1705\" data-end=\"2206\"><strong data-start=\"1705\" data-end=\"1722\">Andr\u00e9 Maurois<\/strong>, 20. y\u00fczy\u0131l\u0131n \u00f6nemli Frans\u0131z yazarlar\u0131ndan, denemecilerinden ve biyografi ustalar\u0131ndan biridir. Romanlar\u0131, denemeleri ve ya\u015fam \u00fczerine yazd\u0131\u011f\u0131 eserlerle insan psikolojisini, ili\u015fkileri ve bireysel fark\u0131ndal\u0131\u011f\u0131 derin bir g\u00f6zlemle ele alm\u0131\u015ft\u0131r. Maurois\u2019un metinlerinde <strong data-start=\"1990\" data-end=\"2069\">hayat\u0131n k\u0131r\u0131lganl\u0131\u011f\u0131, insan\u0131n i\u00e7 d\u00fcnyas\u0131 ve zorluklar kar\u015f\u0131s\u0131nda olgunla\u015fma<\/strong> temalar\u0131 s\u0131k\u00e7a yer al\u0131r. Onu kal\u0131c\u0131 k\u0131lan en \u00f6nemli \u00f6zellik, karma\u015f\u0131k ya\u015fam ger\u00e7eklerini sade ama etkileyici bir dille anlatabilmesidir.<\/p>\n<hr \/>\n<blockquote class=\"wp-embedded-content\" data-secret=\"Gino2Slrik\"><p><a href=\"https:\/\/e-motivasyon.net\/en\/motivasyon-sozleri.html\/\">Best Motivational Quotes<\/a><\/p><\/blockquote>\n<p><iframe loading=\"lazy\" class=\"wp-embedded-content\" sandbox=\"allow-scripts\" security=\"restricted\" style=\"position: absolute; visibility: hidden;\" title=\"&#8220;En \u0130yi Motivasyon S\u00f6zleri&#8221; &#8212; E-Motivasyon\" src=\"https:\/\/e-motivasyon.net\/motivasyon-sozleri.html\/embed#?secret=T2IjSV4yaU#?secret=Gino2Slrik\" data-secret=\"Gino2Slrik\" width=\"600\" height=\"338\" frameborder=\"0\" marginwidth=\"0\" marginheight=\"0\" scrolling=\"no\"><\/iframe><\/p>\n<blockquote class=\"wp-embedded-content\" data-secret=\"elF2A3mDKT\"><p><a href=\"https:\/\/e-motivasyon.net\/en\/eyleme-gecmek-uzerine-sozler.html\/\">Quotations on Taking Action<\/a><\/p><\/blockquote>\n<p><iframe loading=\"lazy\" class=\"wp-embedded-content\" sandbox=\"allow-scripts\" security=\"restricted\" style=\"position: absolute; visibility: hidden;\" title=\"&#8220;Eyleme Ge\u00e7mek \u00dczerine \u00d6zl\u00fc S\u00f6zler&#8221; &#8212; E-Motivasyon\" src=\"https:\/\/e-motivasyon.net\/eyleme-gecmek-uzerine-sozler.html\/embed#?secret=hBVqOEd1zg#?secret=elF2A3mDKT\" data-secret=\"elF2A3mDKT\" width=\"600\" height=\"338\" frameborder=\"0\" marginwidth=\"0\" marginheight=\"0\" scrolling=\"no\"><\/iframe><\/p>\n<p>&nbsp;<\/p>","protected":false},"excerpt":{"rendered":"<p>&#8220;\u0130stemek; istiyorum demek de\u011fil, harekete ge\u00e7mektir.&#8221; Andr\u00e9 Maurois \u201c\u0130stemek; istiyorum demek de\u011fil, harekete ge\u00e7mektir.\u201d s\u00f6z\u00fc, Andr\u00e9 [&hellip;]<\/p>\n","protected":false},"author":13538,"featured_media":5814,"comment_status":"open","ping_status":"closed","sticky":false,"template":"","format":"standard","meta":{"footnotes":""},"categories":[559,675,554,561],"tags":[1065],"class_list":["post-5813","post","type-post","status-publish","format-standard","has-post-thumbnail","hentry","category-eyleme-gecme-uzerine-ozlu-sozleri","category-istemek-uzerine-ozlu-sozler","category-motivasyon-sozleri-motive-edici-ozlu-sozler","category-resimli-ozlu-sozler","tag-andre-maurois-ozlu-sozleri"],"yoast_head":"<!-- This site is optimized with the Yoast SEO plugin v27.0 - https:\/\/yoast.com\/product\/yoast-seo-wordpress\/ -->\n<title>&quot;\u0130stemek; istiyorum demek de\u011fil, harekete ge\u00e7mektir.&quot; Andr\u00e9 Maurois | E-Motivasyon<\/title>\n<meta name=\"description\" content=\"&quot;\u0130stemek; istiyorum demek de\u011fil, harekete ge\u00e7mektir.&quot; Andr\u00e9 Maurois\" \/>\n<meta name=\"robots\" content=\"index, follow, max-snippet:-1, max-image-preview:large, max-video-preview:-1\" \/>\n<link rel=\"canonical\" href=\"https:\/\/e-motivasyon.net\/en\/istemek-istiyorum-demek-degil-harekete-gecmektir-andre-maurois.html\/\" \/>\n<meta property=\"og:locale\" content=\"en_GB\" \/>\n<meta property=\"og:type\" content=\"article\" \/>\n<meta property=\"og:title\" content=\"&quot;\u0130stemek; istiyorum demek de\u011fil, harekete ge\u00e7mektir.&quot; Andr\u00e9 Maurois | E-Motivasyon\" \/>\n<meta property=\"og:description\" content=\"&quot;\u0130stemek; istiyorum demek de\u011fil, harekete ge\u00e7mektir.&quot; Andr\u00e9 Maurois\" \/>\n<meta property=\"og:url\" content=\"https:\/\/e-motivasyon.net\/en\/istemek-istiyorum-demek-degil-harekete-gecmektir-andre-maurois.html\/\" \/>\n<meta property=\"og:site_name\" content=\"E-Motivasyon\" \/>\n<meta property=\"article:publisher\" content=\"https:\/\/www.facebook.com\/emotivasyon\" \/>\n<meta property=\"article:published_time\" content=\"2014-12-26T12:51:59+00:00\" \/>\n<meta property=\"article:modified_time\" content=\"2026-01-29T15:56:22+00:00\" \/>\n<meta property=\"og:image\" content=\"https:\/\/e-motivasyon.net\/wp-content\/uploads\/2015\/08\/e-motivasyon.net_.png\" \/>\n\t<meta property=\"og:image:width\" content=\"200\" \/>\n\t<meta property=\"og:image:height\" content=\"200\" \/>\n\t<meta property=\"og:image:type\" content=\"image\/png\" \/>\n<meta name=\"author\" content=\"\u00d6zdeyi\u015f.Net\" \/>\n<meta name=\"twitter:card\" content=\"summary_large_image\" \/>\n<meta name=\"twitter:creator\" content=\"@emotivasyon\" \/>\n<meta name=\"twitter:site\" content=\"@emotivasyon\" \/>\n<meta name=\"twitter:label1\" content=\"Written by\" \/>\n\t<meta name=\"twitter:data1\" content=\"\u00d6zdeyi\u015f.Net\" \/>\n\t<meta name=\"twitter:label2\" content=\"Estimated reading time\" \/>\n\t<meta name=\"twitter:data2\" content=\"2 minutes\" \/>\n<script type=\"application\/ld+json\" class=\"yoast-schema-graph\">{\"@context\":\"https:\/\/schema.org\",\"@graph\":[{\"@type\":\"Article\",\"@id\":\"https:\/\/e-motivasyon.net\/istemek-istiyorum-demek-degil-harekete-gecmektir-andre-maurois.html#article\",\"isPartOf\":{\"@id\":\"https:\/\/e-motivasyon.net\/istemek-istiyorum-demek-degil-harekete-gecmektir-andre-maurois.html\"},\"author\":{\"name\":\"\u00d6zdeyi\u015f.Net\",\"@id\":\"https:\/\/e-motivasyon.net\/#\/schema\/person\/04a8a45f6df4bb11e3a7aeb41500c0a5\"},\"headline\":\"&#8220;\u0130stemek; istiyorum demek de\u011fil, harekete ge\u00e7mektir.&#8221; Andr\u00e9 Maurois\",\"datePublished\":\"2014-12-26T12:51:59+00:00\",\"dateModified\":\"2026-01-29T15:56:22+00:00\",\"mainEntityOfPage\":{\"@id\":\"https:\/\/e-motivasyon.net\/istemek-istiyorum-demek-degil-harekete-gecmektir-andre-maurois.html\"},\"wordCount\":390,\"commentCount\":0,\"publisher\":{\"@id\":\"https:\/\/e-motivasyon.net\/#organization\"},\"image\":{\"@id\":\"https:\/\/e-motivasyon.net\/istemek-istiyorum-demek-degil-harekete-gecmektir-andre-maurois.html#primaryimage\"},\"thumbnailUrl\":\"\",\"keywords\":[\"Andr\u00e9 Maurois\"],\"articleSection\":[\"Eyleme Ge\u00e7me S\u00f6zleri\",\"\u0130stemek S\u00f6zleri\",\"Motivasyon S\u00f6zleri\",\"Resimli \u00d6zl\u00fc S\u00f6zler\"],\"inLanguage\":\"en-GB\",\"potentialAction\":[{\"@type\":\"CommentAction\",\"name\":\"Comment\",\"target\":[\"https:\/\/e-motivasyon.net\/istemek-istiyorum-demek-degil-harekete-gecmektir-andre-maurois.html#respond\"]}]},{\"@type\":\"WebPage\",\"@id\":\"https:\/\/e-motivasyon.net\/istemek-istiyorum-demek-degil-harekete-gecmektir-andre-maurois.html\",\"url\":\"https:\/\/e-motivasyon.net\/istemek-istiyorum-demek-degil-harekete-gecmektir-andre-maurois.html\",\"name\":\"\\\"\u0130stemek; istiyorum demek de\u011fil, harekete ge\u00e7mektir.\\\" Andr\u00e9 Maurois | E-Motivasyon\",\"isPartOf\":{\"@id\":\"https:\/\/e-motivasyon.net\/#website\"},\"primaryImageOfPage\":{\"@id\":\"https:\/\/e-motivasyon.net\/istemek-istiyorum-demek-degil-harekete-gecmektir-andre-maurois.html#primaryimage\"},\"image\":{\"@id\":\"https:\/\/e-motivasyon.net\/istemek-istiyorum-demek-degil-harekete-gecmektir-andre-maurois.html#primaryimage\"},\"thumbnailUrl\":\"\",\"datePublished\":\"2014-12-26T12:51:59+00:00\",\"dateModified\":\"2026-01-29T15:56:22+00:00\",\"description\":\"\\\"\u0130stemek; istiyorum demek de\u011fil, harekete ge\u00e7mektir.\\\" Andr\u00e9 Maurois\",\"breadcrumb\":{\"@id\":\"https:\/\/e-motivasyon.net\/istemek-istiyorum-demek-degil-harekete-gecmektir-andre-maurois.html#breadcrumb\"},\"inLanguage\":\"en-GB\",\"potentialAction\":[{\"@type\":\"ReadAction\",\"target\":[\"https:\/\/e-motivasyon.net\/istemek-istiyorum-demek-degil-harekete-gecmektir-andre-maurois.html\"]}]},{\"@type\":\"ImageObject\",\"inLanguage\":\"en-GB\",\"@id\":\"https:\/\/e-motivasyon.net\/istemek-istiyorum-demek-degil-harekete-gecmektir-andre-maurois.html#primaryimage\",\"url\":\"\",\"contentUrl\":\"\"},{\"@type\":\"BreadcrumbList\",\"@id\":\"https:\/\/e-motivasyon.net\/istemek-istiyorum-demek-degil-harekete-gecmektir-andre-maurois.html#breadcrumb\",\"itemListElement\":[{\"@type\":\"ListItem\",\"position\":1,\"name\":\"Ana Sayfa\",\"item\":\"https:\/\/e-motivasyon.net\/\"},{\"@type\":\"ListItem\",\"position\":2,\"name\":\"&#8220;\u0130stemek; istiyorum demek de\u011fil, harekete ge\u00e7mektir.&#8221; Andr\u00e9 Maurois\"}]},{\"@type\":\"WebSite\",\"@id\":\"https:\/\/e-motivasyon.net\/#website\",\"url\":\"https:\/\/e-motivasyon.net\/\",\"name\":\"E-Motivasyon\",\"description\":\"Motivasyon Adresin\",\"publisher\":{\"@id\":\"https:\/\/e-motivasyon.net\/#organization\"},\"alternateName\":\"E-Motivasyon\",\"potentialAction\":[{\"@type\":\"SearchAction\",\"target\":{\"@type\":\"EntryPoint\",\"urlTemplate\":\"https:\/\/e-motivasyon.net\/?s={search_term_string}\"},\"query-input\":{\"@type\":\"PropertyValueSpecification\",\"valueRequired\":true,\"valueName\":\"search_term_string\"}}],\"inLanguage\":\"en-GB\"},{\"@type\":\"Organization\",\"@id\":\"https:\/\/e-motivasyon.net\/#organization\",\"name\":\"e-motivasyon.net\",\"alternateName\":\"E-Motivasyon\",\"url\":\"https:\/\/e-motivasyon.net\/\",\"logo\":{\"@type\":\"ImageObject\",\"inLanguage\":\"en-GB\",\"@id\":\"https:\/\/e-motivasyon.net\/#\/schema\/logo\/image\/\",\"url\":\"http:\/\/e-motivasyon.net\/wp-content\/uploads\/2015\/08\/e-motivasyon.net_.png\",\"contentUrl\":\"http:\/\/e-motivasyon.net\/wp-content\/uploads\/2015\/08\/e-motivasyon.net_.png\",\"width\":200,\"height\":200,\"caption\":\"e-motivasyon.net\"},\"image\":{\"@id\":\"https:\/\/e-motivasyon.net\/#\/schema\/logo\/image\/\"},\"sameAs\":[\"https:\/\/www.facebook.com\/emotivasyon\",\"https:\/\/x.com\/emotivasyon\"]},{\"@type\":\"Person\",\"@id\":\"https:\/\/e-motivasyon.net\/#\/schema\/person\/04a8a45f6df4bb11e3a7aeb41500c0a5\",\"name\":\"\u00d6zdeyi\u015f.Net\",\"image\":{\"@type\":\"ImageObject\",\"inLanguage\":\"en-GB\",\"@id\":\"https:\/\/e-motivasyon.net\/#\/schema\/person\/image\/\",\"url\":\"https:\/\/secure.gravatar.com\/avatar\/12f18ac7cbf1382f6e01ac7a35860273b67eedaeb965abfd2adba980e1f9c198?s=96&d=mm&r=g\",\"contentUrl\":\"https:\/\/secure.gravatar.com\/avatar\/12f18ac7cbf1382f6e01ac7a35860273b67eedaeb965abfd2adba980e1f9c198?s=96&d=mm&r=g\",\"caption\":\"\u00d6zdeyi\u015f.Net\"},\"url\":\"https:\/\/e-motivasyon.net\/en\/author\/ozdeyis\"}]}<\/script>\n<!-- \/ Yoast SEO plugin. -->","yoast_head_json":{"title":"\"\u0130stemek; istiyorum demek de\u011fil, harekete ge\u00e7mektir.\" Andr\u00e9 Maurois | E-Motivasyon","description":"\"\u0130stemek; istiyorum demek de\u011fil, harekete ge\u00e7mektir.\" Andr\u00e9 Maurois","robots":{"index":"index","follow":"follow","max-snippet":"max-snippet:-1","max-image-preview":"max-image-preview:large","max-video-preview":"max-video-preview:-1"},"canonical":"https:\/\/e-motivasyon.net\/en\/istemek-istiyorum-demek-degil-harekete-gecmektir-andre-maurois.html\/","og_locale":"en_GB","og_type":"article","og_title":"\"\u0130stemek; istiyorum demek de\u011fil, harekete ge\u00e7mektir.\" Andr\u00e9 Maurois | E-Motivasyon","og_description":"\"\u0130stemek; istiyorum demek de\u011fil, harekete ge\u00e7mektir.\" Andr\u00e9 Maurois","og_url":"https:\/\/e-motivasyon.net\/en\/istemek-istiyorum-demek-degil-harekete-gecmektir-andre-maurois.html\/","og_site_name":"E-Motivasyon","article_publisher":"https:\/\/www.facebook.com\/emotivasyon","article_published_time":"2014-12-26T12:51:59+00:00","article_modified_time":"2026-01-29T15:56:22+00:00","og_image":[{"width":200,"height":200,"url":"https:\/\/e-motivasyon.net\/wp-content\/uploads\/2015\/08\/e-motivasyon.net_.png","type":"image\/png"}],"author":"\u00d6zdeyi\u015f.Net","twitter_card":"summary_large_image","twitter_creator":"@emotivasyon","twitter_site":"@emotivasyon","twitter_misc":{"Written by":"\u00d6zdeyi\u015f.Net","Estimated reading time":"2 minutes"},"schema":{"@context":"https:\/\/schema.org","@graph":[{"@type":"Article","@id":"https:\/\/e-motivasyon.net\/istemek-istiyorum-demek-degil-harekete-gecmektir-andre-maurois.html#article","isPartOf":{"@id":"https:\/\/e-motivasyon.net\/istemek-istiyorum-demek-degil-harekete-gecmektir-andre-maurois.html"},"author":{"name":"\u00d6zdeyi\u015f.Net","@id":"https:\/\/e-motivasyon.net\/#\/schema\/person\/04a8a45f6df4bb11e3a7aeb41500c0a5"},"headline":"&#8220;\u0130stemek; istiyorum demek de\u011fil, harekete ge\u00e7mektir.&#8221; Andr\u00e9 Maurois","datePublished":"2014-12-26T12:51:59+00:00","dateModified":"2026-01-29T15:56:22+00:00","mainEntityOfPage":{"@id":"https:\/\/e-motivasyon.net\/istemek-istiyorum-demek-degil-harekete-gecmektir-andre-maurois.html"},"wordCount":390,"commentCount":0,"publisher":{"@id":"https:\/\/e-motivasyon.net\/#organization"},"image":{"@id":"https:\/\/e-motivasyon.net\/istemek-istiyorum-demek-degil-harekete-gecmektir-andre-maurois.html#primaryimage"},"thumbnailUrl":"","keywords":["Andr\u00e9 Maurois"],"articleSection":["Eyleme Ge\u00e7me S\u00f6zleri","\u0130stemek S\u00f6zleri","Motivasyon S\u00f6zleri","Resimli \u00d6zl\u00fc S\u00f6zler"],"inLanguage":"en-GB","potentialAction":[{"@type":"CommentAction","name":"Comment","target":["https:\/\/e-motivasyon.net\/istemek-istiyorum-demek-degil-harekete-gecmektir-andre-maurois.html#respond"]}]},{"@type":"WebPage","@id":"https:\/\/e-motivasyon.net\/istemek-istiyorum-demek-degil-harekete-gecmektir-andre-maurois.html","url":"https:\/\/e-motivasyon.net\/istemek-istiyorum-demek-degil-harekete-gecmektir-andre-maurois.html","name":"\"\u0130stemek; istiyorum demek de\u011fil, harekete ge\u00e7mektir.\" Andr\u00e9 Maurois | E-Motivasyon","isPartOf":{"@id":"https:\/\/e-motivasyon.net\/#website"},"primaryImageOfPage":{"@id":"https:\/\/e-motivasyon.net\/istemek-istiyorum-demek-degil-harekete-gecmektir-andre-maurois.html#primaryimage"},"image":{"@id":"https:\/\/e-motivasyon.net\/istemek-istiyorum-demek-degil-harekete-gecmektir-andre-maurois.html#primaryimage"},"thumbnailUrl":"","datePublished":"2014-12-26T12:51:59+00:00","dateModified":"2026-01-29T15:56:22+00:00","description":"\"\u0130stemek; istiyorum demek de\u011fil, harekete ge\u00e7mektir.\" Andr\u00e9 Maurois","breadcrumb":{"@id":"https:\/\/e-motivasyon.net\/istemek-istiyorum-demek-degil-harekete-gecmektir-andre-maurois.html#breadcrumb"},"inLanguage":"en-GB","potentialAction":[{"@type":"ReadAction","target":["https:\/\/e-motivasyon.net\/istemek-istiyorum-demek-degil-harekete-gecmektir-andre-maurois.html"]}]},{"@type":"ImageObject","inLanguage":"en-GB","@id":"https:\/\/e-motivasyon.net\/istemek-istiyorum-demek-degil-harekete-gecmektir-andre-maurois.html#primaryimage","url":"","contentUrl":""},{"@type":"BreadcrumbList","@id":"https:\/\/e-motivasyon.net\/istemek-istiyorum-demek-degil-harekete-gecmektir-andre-maurois.html#breadcrumb","itemListElement":[{"@type":"ListItem","position":1,"name":"Ana Sayfa","item":"https:\/\/e-motivasyon.net\/"},{"@type":"ListItem","position":2,"name":"&#8220;\u0130stemek; istiyorum demek de\u011fil, harekete ge\u00e7mektir.&#8221; Andr\u00e9 Maurois"}]},{"@type":"WebSite","@id":"https:\/\/e-motivasyon.net\/#website","url":"https:\/\/e-motivasyon.net\/","name":"E-Motivation","description":"Motivasyon Adresin","publisher":{"@id":"https:\/\/e-motivasyon.net\/#organization"},"alternateName":"E-Motivasyon","potentialAction":[{"@type":"SearchAction","target":{"@type":"EntryPoint","urlTemplate":"https:\/\/e-motivasyon.net\/?s={search_term_string}"},"query-input":{"@type":"PropertyValueSpecification","valueRequired":true,"valueName":"search_term_string"}}],"inLanguage":"en-GB"},{"@type":"Organization","@id":"https:\/\/e-motivasyon.net\/#organization","name":"e-motivation.net","alternateName":"E-Motivasyon","url":"https:\/\/e-motivasyon.net\/","logo":{"@type":"ImageObject","inLanguage":"en-GB","@id":"https:\/\/e-motivasyon.net\/#\/schema\/logo\/image\/","url":"http:\/\/e-motivasyon.net\/wp-content\/uploads\/2015\/08\/e-motivasyon.net_.png","contentUrl":"http:\/\/e-motivasyon.net\/wp-content\/uploads\/2015\/08\/e-motivasyon.net_.png","width":200,"height":200,"caption":"e-motivasyon.net"},"image":{"@id":"https:\/\/e-motivasyon.net\/#\/schema\/logo\/image\/"},"sameAs":["https:\/\/www.facebook.com\/emotivasyon","https:\/\/x.com\/emotivasyon"]},{"@type":"Person","@id":"https:\/\/e-motivasyon.net\/#\/schema\/person\/04a8a45f6df4bb11e3a7aeb41500c0a5","name":"ozdeyis.net","image":{"@type":"ImageObject","inLanguage":"en-GB","@id":"https:\/\/e-motivasyon.net\/#\/schema\/person\/image\/","url":"https:\/\/secure.gravatar.com\/avatar\/12f18ac7cbf1382f6e01ac7a35860273b67eedaeb965abfd2adba980e1f9c198?s=96&d=mm&r=g","contentUrl":"https:\/\/secure.gravatar.com\/avatar\/12f18ac7cbf1382f6e01ac7a35860273b67eedaeb965abfd2adba980e1f9c198?s=96&d=mm&r=g","caption":"\u00d6zdeyi\u015f.Net"},"url":"https:\/\/e-motivasyon.net\/en\/author\/ozdeyis"}]}},"_links":{"self":[{"href":"https:\/\/e-motivasyon.net\/en\/wp-json\/wp\/v2\/posts\/5813","targetHints":{"allow":["GET"]}}],"collection":[{"href":"https:\/\/e-motivasyon.net\/en\/wp-json\/wp\/v2\/posts"}],"about":[{"href":"https:\/\/e-motivasyon.net\/en\/wp-json\/wp\/v2\/types\/post"}],"author":[{"embeddable":true,"href":"https:\/\/e-motivasyon.net\/en\/wp-json\/wp\/v2\/users\/13538"}],"replies":[{"embeddable":true,"href":"https:\/\/e-motivasyon.net\/en\/wp-json\/wp\/v2\/comments?post=5813"}],"version-history":[{"count":0,"href":"https:\/\/e-motivasyon.net\/en\/wp-json\/wp\/v2\/posts\/5813\/revisions"}],"wp:featuredmedia":[{"embeddable":true,"href":"https:\/\/e-motivasyon.net\/en\/wp-json\/"}],"wp:attachment":[{"href":"https:\/\/e-motivasyon.net\/en\/wp-json\/wp\/v2\/media?parent=5813"}],"wp:term":[{"taxonomy":"category","embeddable":true,"href":"https:\/\/e-motivasyon.net\/en\/wp-json\/wp\/v2\/categories?post=5813"},{"taxonomy":"post_tag","embeddable":true,"href":"https:\/\/e-motivasyon.net\/en\/wp-json\/wp\/v2\/tags?post=5813"}],"curies":[{"name":"wp","href":"https:\/\/api.w.org\/{rel}","templated":true}]}}