{"id":22308,"date":"2016-09-08T16:49:04","date_gmt":"2016-09-08T13:49:04","guid":{"rendered":"http:\/\/www.ozdeyis.net\/?p=20247"},"modified":"2026-01-31T22:22:35","modified_gmt":"2026-01-31T22:22:35","slug":"gelismis-insan-sorunun-yasanan-olayda-degil-kendisinin-o-olaya-bakis-tarzinda-oldugunun-bilincindedir-epiktetos","status":"publish","type":"post","link":"https:\/\/e-motivasyon.net\/en\/gelismis-insan-sorunun-yasanan-olayda-degil-kendisinin-o-olaya-bakis-tarzinda-oldugunun-bilincindedir-epiktetos.html","title":{"rendered":"\u201cThe advanced person is aware that the problem is not in the event, but in the way he looks at that event.\u201d Epictetus"},"content":{"rendered":"<h3 style=\"text-align: center;\"><em><strong>\u201cThe advanced person is aware that the problem is not in the event, but in the way he looks at that event.\u201d Epictetus<\/strong><\/em><\/h3>\n<p><a href=\"https:\/\/e-motivasyon.net\/wp-content\/uploads\/2018\/12\/e-motivasyon.net_bakis_acini_degistir.jpg\"><img loading=\"lazy\" decoding=\"async\" class=\"wp-image-53607 aligncenter\" src=\"https:\/\/e-motivasyon.net\/wp-content\/uploads\/2018\/12\/e-motivasyon.net_bakis_acini_degistir.jpg\" alt=\"&quot;E\u011fer bir \u015feyden ho\u015flanm\u0131yorsan\u0131z, onu de\u011fi\u015ftirin; de\u011fi\u015ftiremiyorsan\u0131z, ona bak\u0131\u015f a\u00e7\u0131n\u0131z\u0131 de\u011fi\u015ftirin.&quot; Mary Engelbreit\" width=\"662\" height=\"441\" srcset=\"https:\/\/e-motivasyon.net\/wp-content\/uploads\/2018\/12\/e-motivasyon.net_bakis_acini_degistir.jpg 1024w, https:\/\/e-motivasyon.net\/wp-content\/uploads\/2018\/12\/e-motivasyon.net_bakis_acini_degistir-300x200.jpg 300w, https:\/\/e-motivasyon.net\/wp-content\/uploads\/2018\/12\/e-motivasyon.net_bakis_acini_degistir-768x512.jpg 768w, https:\/\/e-motivasyon.net\/wp-content\/uploads\/2018\/12\/e-motivasyon.net_bakis_acini_degistir-18x12.jpg 18w, https:\/\/e-motivasyon.net\/wp-content\/uploads\/2018\/12\/e-motivasyon.net_bakis_acini_degistir-1000x667.jpg 1000w, https:\/\/e-motivasyon.net\/wp-content\/uploads\/2018\/12\/e-motivasyon.net_bakis_acini_degistir-230x153.jpg 230w, https:\/\/e-motivasyon.net\/wp-content\/uploads\/2018\/12\/e-motivasyon.net_bakis_acini_degistir-350x233.jpg 350w, https:\/\/e-motivasyon.net\/wp-content\/uploads\/2018\/12\/e-motivasyon.net_bakis_acini_degistir-480x320.jpg 480w\" sizes=\"auto, (max-width: 662px) 100vw, 662px\" \/><\/a><\/p>\n<p data-start=\"0\" data-end=\"551\">\u201c<strong data-start=\"1\" data-end=\"109\">Geli\u015fmi\u015f insan, sorunun ya\u015fanan olayda de\u011fil, kendisinin o olaya bak\u0131\u015f tarz\u0131nda oldu\u011funun bilincindedir.<\/strong>\u201d s\u00f6z\u00fc, <strong data-start=\"117\" data-end=\"130\">Epictetus<\/strong>\u2019un Stoac\u0131 felsefesinin \u00f6z\u00fcn\u00fc tek c\u00fcmlede \u00f6zetler. Hayatta ba\u015f\u0131m\u0131za gelen olaylar \u00e7o\u011fu zaman bizim kontrol\u00fcm\u00fcz d\u0131\u015f\u0131nda geli\u015fir; fakat o olaylara y\u00fckledi\u011fimiz anlam tamamen bize aittir. Siz ve biz \u00e7o\u011fu zaman ya\u015fad\u0131\u011f\u0131m\u0131z s\u0131k\u0131nt\u0131n\u0131n kayna\u011f\u0131n\u0131 d\u0131\u015f ko\u015fullarda arar\u0131z. Oysa <strong data-start=\"398\" data-end=\"449\">ac\u0131, olaydan de\u011fil; olaya dair d\u00fc\u015f\u00fcnceden do\u011far<\/strong>. Geli\u015fmi\u015f insan, kendini kurban rol\u00fcne hapsetmez; bak\u0131\u015f a\u00e7\u0131s\u0131n\u0131 sorgulayarak i\u00e7sel \u00f6zg\u00fcrl\u00fc\u011f\u00fcn\u00fc korur.<\/p>\n<p data-start=\"553\" data-end=\"1026\">Bu s\u00f6zden ilhamla g\u00fcnl\u00fck hayatta uygulanabilecek tek bir pratik \u00f6neri \u015fudur: <strong data-start=\"630\" data-end=\"730\">Zorlay\u0131c\u0131 bir durum ya\u015fad\u0131\u011f\u0131n\u0131zda kendinize \u015fu soruyu sorun: \u201cBu olaya ba\u015fka nas\u0131l bakabilirim?\u201d<\/strong> Bu basit soru, zihinsel otomatik tepkileri durdurur. O an ya\u015fanan\u0131 \u201cbir tehdit\u201d yerine \u201cbir ders\u201d ya da \u201cbir deneyim\u201d olarak g\u00f6rmek m\u00fcmk\u00fcnd\u00fcr. <strong data-start=\"874\" data-end=\"957\">Bak\u0131\u015f a\u00e7\u0131s\u0131 de\u011fi\u015fti\u011finde duygu de\u011fi\u015fir; duygu de\u011fi\u015fti\u011finde davran\u0131\u015f da d\u00f6n\u00fc\u015f\u00fcr.<\/strong> Bu fark\u0131ndal\u0131k, ki\u015fisel geli\u015fimin en g\u00fc\u00e7l\u00fc kald\u0131ra\u00e7lar\u0131ndan biridir.<\/p>\n<p data-start=\"1028\" data-end=\"1447\">\u00d6rne\u011fin bir ele\u015ftiri ald\u0131\u011f\u0131n\u0131zda bunu ki\u015fisel bir sald\u0131r\u0131 gibi alg\u0131layabilirsiniz ya da geli\u015fmeniz i\u00e7in sunulmu\u015f bir geri bildirim olarak g\u00f6rebilirsiniz. Olay ayn\u0131d\u0131r, sonu\u00e7 tamamen farkl\u0131d\u0131r. Epiktetos\u2019un y\u00fczy\u0131llar \u00f6ncesinden hat\u0131rlatt\u0131\u011f\u0131 bu ger\u00e7ek bug\u00fcn h\u00e2l\u00e2 ge\u00e7erlidir: <strong data-start=\"1301\" data-end=\"1345\">Ya\u015fam bizi de\u011fil, biz ya\u015fam\u0131 yorumlar\u0131z.<\/strong> <em data-start=\"1346\" data-end=\"1447\"><strong data-start=\"1347\" data-end=\"1446\">Ve bak\u0131\u015f a\u00e7\u0131s\u0131n\u0131 d\u00f6n\u00fc\u015ft\u00fcrebilen insan, ko\u015fullar de\u011fi\u015fmese bile hayat\u0131n\u0131n y\u00f6n\u00fcn\u00fc de\u011fi\u015ftirebilir.<\/strong><\/em><\/p>\n<hr data-start=\"1449\" data-end=\"1452\" \/>\n<h3 data-start=\"1454\" data-end=\"2023\"><strong data-start=\"1454\" data-end=\"1475\">Epiktetos Kimdir?<\/strong><\/h3>\n<p data-start=\"1454\" data-end=\"2023\" data-is-last-node=\"\" data-is-only-node=\"\">Epiktetos (MS 50\u2013135), Antik Yunan Stoac\u0131 filozoflar\u0131ndan biridir. Hayat\u0131n\u0131n bir b\u00f6l\u00fcm\u00fcnde k\u00f6le olarak ya\u015fam\u0131\u015f, \u00f6zg\u00fcrl\u00fc\u011f\u00fcn d\u0131\u015f ko\u015fullarda de\u011fil <strong data-start=\"1622\" data-end=\"1642\">zihinsel tutumda<\/strong> oldu\u011funu savunmu\u015ftur. \u00d6\u011fretileri, \u00f6\u011frencisi Arrianus taraf\u0131ndan <em data-start=\"1707\" data-end=\"1718\">S\u00f6ylevler<\/em> . <em data-start=\"1722\" data-end=\"1747\" data-is-only-node=\"\">El Kitab\u0131 (Enchiridion)<\/em> ad\u0131yla derlenmi\u015ftir. Epiktetos\u2019a g\u00f6re mutlulu\u011fun anahtar\u0131; kontrol edemediklerimizi kabullenmek, <strong data-start=\"1845\" data-end=\"1918\">kontrol edebildi\u011fimiz tek \u015fey olan bak\u0131\u015f a\u00e7\u0131m\u0131z\u0131 bilin\u00e7le y\u00f6netmektir<\/strong>. Bu y\u00f6n\u00fcyle Stoac\u0131l\u0131k, modern ki\u015fisel geli\u015fim ve psikoloji yakla\u015f\u0131mlar\u0131n\u0131n da temel ta\u015flar\u0131ndan biridir.<\/p>\n<hr \/>\n<blockquote class=\"wp-embedded-content\" data-secret=\"uv4E0S3iDV\"><p><a href=\"https:\/\/e-motivasyon.net\/en\/insanlara-dair-sozler-ve-ozdeyisler.html\/\">\u0130nsanlara Dair \u00d6zl\u00fc S\u00f6zler ve \u00d6zdeyi\u015fler<\/a><\/p><\/blockquote>\n<p><iframe loading=\"lazy\" class=\"wp-embedded-content\" sandbox=\"allow-scripts\" security=\"restricted\" style=\"position: absolute; visibility: hidden;\" title=\"&#8220;\u0130nsanlara Dair \u00d6zl\u00fc S\u00f6zler ve \u00d6zdeyi\u015fler&#8221; &#8212; E-Motivasyon\" src=\"https:\/\/e-motivasyon.net\/insanlara-dair-sozler-ve-ozdeyisler.html\/embed#?secret=FUdfTup2oV#?secret=uv4E0S3iDV\" data-secret=\"uv4E0S3iDV\" width=\"600\" height=\"338\" frameborder=\"0\" marginwidth=\"0\" marginheight=\"0\" scrolling=\"no\"><\/iframe><\/p>\n<blockquote class=\"wp-embedded-content\" data-secret=\"CYTuCPdfIY\"><p><a href=\"https:\/\/e-motivasyon.net\/en\/bilim-ve-bilgelik-uzerine-sozler.html\/\">Quotations on Science and Wisdom<\/a><\/p><\/blockquote>\n<p><iframe loading=\"lazy\" class=\"wp-embedded-content\" sandbox=\"allow-scripts\" security=\"restricted\" style=\"position: absolute; visibility: hidden;\" title=\"&#8220;Bilim ve Bilgelik \u00dczerine \u00d6zl\u00fc S\u00f6zler&#8221; &#8212; E-Motivasyon\" src=\"https:\/\/e-motivasyon.net\/bilim-ve-bilgelik-uzerine-sozler.html\/embed#?secret=KjvPsVY7LQ#?secret=CYTuCPdfIY\" data-secret=\"CYTuCPdfIY\" width=\"600\" height=\"338\" frameborder=\"0\" marginwidth=\"0\" marginheight=\"0\" scrolling=\"no\"><\/iframe><\/p>\n<p style=\"text-align: center;\">","protected":false},"excerpt":{"rendered":"<p>&#8220;Geli\u015fmi\u015f insan, sorunun ya\u015fanan olayda de\u011fil, kendisinin o olaya bak\u0131\u015f tarz\u0131nda oldu\u011funun bilincindedir.&#8221; Epiktetos \u201cGeli\u015fmi\u015f insan, [&hellip;]<\/p>\n","protected":false},"author":13786,"featured_media":0,"comment_status":"open","ping_status":"closed","sticky":false,"template":"","format":"standard","meta":{"footnotes":""},"categories":[758,556],"tags":[583],"class_list":["post-22308","post","type-post","status-publish","format-standard","hentry","category-bilim-ve-bilgelik-ozlu-sozleri","category-insanlara-dair-ozlu-sozler","tag-epiktetos-ozlu-sozleri"],"yoast_head":"<!-- This site is optimized with the Yoast SEO plugin v27.0 - https:\/\/yoast.com\/product\/yoast-seo-wordpress\/ -->\n<title>&quot;Geli\u015fmi\u015f insan, sorunun ya\u015fanan olayda de\u011fil, kendisinin o olaya bak\u0131\u015f tarz\u0131nda oldu\u011funun bilincindedir.&quot; Epiktetos | E-Motivasyon<\/title>\n<meta name=\"description\" content=\"&quot;Geli\u015fmi\u015f insan, sorunun ya\u015fanan olayda de\u011fil, kendisinin o olaya bak\u0131\u015f tarz\u0131nda oldu\u011funun bilincindedir.&quot; Epiktetos\" \/>\n<meta name=\"robots\" content=\"index, follow, max-snippet:-1, max-image-preview:large, max-video-preview:-1\" \/>\n<link rel=\"canonical\" href=\"https:\/\/e-motivasyon.net\/en\/gelismis-insan-sorunun-yasanan-olayda-degil-kendisinin-o-olaya-bakis-tarzinda-oldugunun-bilincindedir-epiktetos.html\/\" \/>\n<meta property=\"og:locale\" content=\"en_GB\" \/>\n<meta property=\"og:type\" content=\"article\" \/>\n<meta property=\"og:title\" content=\"&quot;Geli\u015fmi\u015f insan, sorunun ya\u015fanan olayda de\u011fil, kendisinin o olaya bak\u0131\u015f tarz\u0131nda oldu\u011funun bilincindedir.&quot; Epiktetos | E-Motivasyon\" \/>\n<meta property=\"og:description\" content=\"&quot;Geli\u015fmi\u015f insan, sorunun ya\u015fanan olayda de\u011fil, kendisinin o olaya bak\u0131\u015f tarz\u0131nda oldu\u011funun bilincindedir.&quot; Epiktetos\" \/>\n<meta property=\"og:url\" content=\"https:\/\/e-motivasyon.net\/en\/gelismis-insan-sorunun-yasanan-olayda-degil-kendisinin-o-olaya-bakis-tarzinda-oldugunun-bilincindedir-epiktetos.html\/\" \/>\n<meta property=\"og:site_name\" content=\"E-Motivasyon\" \/>\n<meta property=\"article:publisher\" content=\"https:\/\/www.facebook.com\/emotivasyon\" \/>\n<meta property=\"article:author\" content=\"https:\/\/www.facebook.com\/emotivasyon\/\" \/>\n<meta property=\"article:published_time\" content=\"2016-09-08T13:49:04+00:00\" \/>\n<meta property=\"article:modified_time\" content=\"2026-01-31T22:22:35+00:00\" \/>\n<meta property=\"og:image\" content=\"https:\/\/e-motivasyon.net\/wp-content\/uploads\/2018\/12\/e-motivasyon.net_bakis_acini_degistir.jpg\" \/>\n\t<meta property=\"og:image:width\" content=\"1024\" \/>\n\t<meta property=\"og:image:height\" content=\"683\" \/>\n\t<meta property=\"og:image:type\" content=\"image\/jpeg\" \/>\n<meta name=\"author\" content=\"E-Motivasyon\" \/>\n<meta name=\"twitter:card\" content=\"summary_large_image\" \/>\n<meta name=\"twitter:creator\" content=\"@emotivasyon\" \/>\n<meta name=\"twitter:site\" content=\"@emotivasyon\" \/>\n<meta name=\"twitter:label1\" content=\"Written by\" \/>\n\t<meta name=\"twitter:data1\" content=\"E-Motivasyon\" \/>\n\t<meta name=\"twitter:label2\" content=\"Estimated reading time\" \/>\n\t<meta name=\"twitter:data2\" content=\"2 minutes\" \/>\n<script type=\"application\/ld+json\" class=\"yoast-schema-graph\">{\"@context\":\"https:\/\/schema.org\",\"@graph\":[{\"@type\":\"Article\",\"@id\":\"https:\/\/e-motivasyon.net\/gelismis-insan-sorunun-yasanan-olayda-degil-kendisinin-o-olaya-bakis-tarzinda-oldugunun-bilincindedir-epiktetos.html#article\",\"isPartOf\":{\"@id\":\"https:\/\/e-motivasyon.net\/gelismis-insan-sorunun-yasanan-olayda-degil-kendisinin-o-olaya-bakis-tarzinda-oldugunun-bilincindedir-epiktetos.html\"},\"author\":{\"name\":\"E-Motivasyon\",\"@id\":\"https:\/\/e-motivasyon.net\/#\/schema\/person\/6abb0d3573b2924b2756f70b70156153\"},\"headline\":\"&#8220;Geli\u015fmi\u015f insan, sorunun ya\u015fanan olayda de\u011fil, kendisinin o olaya bak\u0131\u015f tarz\u0131nda oldu\u011funun bilincindedir.&#8221; Epiktetos\",\"datePublished\":\"2016-09-08T13:49:04+00:00\",\"dateModified\":\"2026-01-31T22:22:35+00:00\",\"mainEntityOfPage\":{\"@id\":\"https:\/\/e-motivasyon.net\/gelismis-insan-sorunun-yasanan-olayda-degil-kendisinin-o-olaya-bakis-tarzinda-oldugunun-bilincindedir-epiktetos.html\"},\"wordCount\":445,\"commentCount\":0,\"publisher\":{\"@id\":\"https:\/\/e-motivasyon.net\/#organization\"},\"image\":{\"@id\":\"https:\/\/e-motivasyon.net\/gelismis-insan-sorunun-yasanan-olayda-degil-kendisinin-o-olaya-bakis-tarzinda-oldugunun-bilincindedir-epiktetos.html#primaryimage\"},\"thumbnailUrl\":\"https:\/\/e-motivasyon.net\/wp-content\/uploads\/2018\/12\/e-motivasyon.net_bakis_acini_degistir.jpg\",\"keywords\":[\"Epiktetos\"],\"articleSection\":[\"Bilim ve Bilgelik S\u00f6zleri\",\"\u0130nsanlara Dair S\u00f6zler\"],\"inLanguage\":\"en-GB\",\"potentialAction\":[{\"@type\":\"CommentAction\",\"name\":\"Comment\",\"target\":[\"https:\/\/e-motivasyon.net\/gelismis-insan-sorunun-yasanan-olayda-degil-kendisinin-o-olaya-bakis-tarzinda-oldugunun-bilincindedir-epiktetos.html#respond\"]}]},{\"@type\":\"WebPage\",\"@id\":\"https:\/\/e-motivasyon.net\/gelismis-insan-sorunun-yasanan-olayda-degil-kendisinin-o-olaya-bakis-tarzinda-oldugunun-bilincindedir-epiktetos.html\",\"url\":\"https:\/\/e-motivasyon.net\/gelismis-insan-sorunun-yasanan-olayda-degil-kendisinin-o-olaya-bakis-tarzinda-oldugunun-bilincindedir-epiktetos.html\",\"name\":\"\\\"Geli\u015fmi\u015f insan, sorunun ya\u015fanan olayda de\u011fil, kendisinin o olaya bak\u0131\u015f tarz\u0131nda oldu\u011funun bilincindedir.\\\" Epiktetos | E-Motivasyon\",\"isPartOf\":{\"@id\":\"https:\/\/e-motivasyon.net\/#website\"},\"primaryImageOfPage\":{\"@id\":\"https:\/\/e-motivasyon.net\/gelismis-insan-sorunun-yasanan-olayda-degil-kendisinin-o-olaya-bakis-tarzinda-oldugunun-bilincindedir-epiktetos.html#primaryimage\"},\"image\":{\"@id\":\"https:\/\/e-motivasyon.net\/gelismis-insan-sorunun-yasanan-olayda-degil-kendisinin-o-olaya-bakis-tarzinda-oldugunun-bilincindedir-epiktetos.html#primaryimage\"},\"thumbnailUrl\":\"https:\/\/e-motivasyon.net\/wp-content\/uploads\/2018\/12\/e-motivasyon.net_bakis_acini_degistir.jpg\",\"datePublished\":\"2016-09-08T13:49:04+00:00\",\"dateModified\":\"2026-01-31T22:22:35+00:00\",\"description\":\"\\\"Geli\u015fmi\u015f insan, sorunun ya\u015fanan olayda de\u011fil, kendisinin o olaya bak\u0131\u015f tarz\u0131nda oldu\u011funun bilincindedir.\\\" Epiktetos\",\"breadcrumb\":{\"@id\":\"https:\/\/e-motivasyon.net\/gelismis-insan-sorunun-yasanan-olayda-degil-kendisinin-o-olaya-bakis-tarzinda-oldugunun-bilincindedir-epiktetos.html#breadcrumb\"},\"inLanguage\":\"en-GB\",\"potentialAction\":[{\"@type\":\"ReadAction\",\"target\":[\"https:\/\/e-motivasyon.net\/gelismis-insan-sorunun-yasanan-olayda-degil-kendisinin-o-olaya-bakis-tarzinda-oldugunun-bilincindedir-epiktetos.html\"]}]},{\"@type\":\"ImageObject\",\"inLanguage\":\"en-GB\",\"@id\":\"https:\/\/e-motivasyon.net\/gelismis-insan-sorunun-yasanan-olayda-degil-kendisinin-o-olaya-bakis-tarzinda-oldugunun-bilincindedir-epiktetos.html#primaryimage\",\"url\":\"https:\/\/e-motivasyon.net\/wp-content\/uploads\/2018\/12\/e-motivasyon.net_bakis_acini_degistir.jpg\",\"contentUrl\":\"https:\/\/e-motivasyon.net\/wp-content\/uploads\/2018\/12\/e-motivasyon.net_bakis_acini_degistir.jpg\"},{\"@type\":\"BreadcrumbList\",\"@id\":\"https:\/\/e-motivasyon.net\/gelismis-insan-sorunun-yasanan-olayda-degil-kendisinin-o-olaya-bakis-tarzinda-oldugunun-bilincindedir-epiktetos.html#breadcrumb\",\"itemListElement\":[{\"@type\":\"ListItem\",\"position\":1,\"name\":\"Ana Sayfa\",\"item\":\"https:\/\/e-motivasyon.net\/\"},{\"@type\":\"ListItem\",\"position\":2,\"name\":\"&#8220;Geli\u015fmi\u015f insan, sorunun ya\u015fanan olayda de\u011fil, kendisinin o olaya bak\u0131\u015f tarz\u0131nda oldu\u011funun bilincindedir.&#8221; Epiktetos\"}]},{\"@type\":\"WebSite\",\"@id\":\"https:\/\/e-motivasyon.net\/#website\",\"url\":\"https:\/\/e-motivasyon.net\/\",\"name\":\"E-Motivasyon\",\"description\":\"Motivasyon Adresin\",\"publisher\":{\"@id\":\"https:\/\/e-motivasyon.net\/#organization\"},\"alternateName\":\"E-Motivasyon\",\"potentialAction\":[{\"@type\":\"SearchAction\",\"target\":{\"@type\":\"EntryPoint\",\"urlTemplate\":\"https:\/\/e-motivasyon.net\/?s={search_term_string}\"},\"query-input\":{\"@type\":\"PropertyValueSpecification\",\"valueRequired\":true,\"valueName\":\"search_term_string\"}}],\"inLanguage\":\"en-GB\"},{\"@type\":\"Organization\",\"@id\":\"https:\/\/e-motivasyon.net\/#organization\",\"name\":\"e-motivasyon.net\",\"alternateName\":\"E-Motivasyon\",\"url\":\"https:\/\/e-motivasyon.net\/\",\"logo\":{\"@type\":\"ImageObject\",\"inLanguage\":\"en-GB\",\"@id\":\"https:\/\/e-motivasyon.net\/#\/schema\/logo\/image\/\",\"url\":\"http:\/\/e-motivasyon.net\/wp-content\/uploads\/2015\/08\/e-motivasyon.net_.png\",\"contentUrl\":\"http:\/\/e-motivasyon.net\/wp-content\/uploads\/2015\/08\/e-motivasyon.net_.png\",\"width\":200,\"height\":200,\"caption\":\"e-motivasyon.net\"},\"image\":{\"@id\":\"https:\/\/e-motivasyon.net\/#\/schema\/logo\/image\/\"},\"sameAs\":[\"https:\/\/www.facebook.com\/emotivasyon\",\"https:\/\/x.com\/emotivasyon\"]},{\"@type\":\"Person\",\"@id\":\"https:\/\/e-motivasyon.net\/#\/schema\/person\/6abb0d3573b2924b2756f70b70156153\",\"name\":\"E-Motivasyon\",\"image\":{\"@type\":\"ImageObject\",\"inLanguage\":\"en-GB\",\"@id\":\"https:\/\/e-motivasyon.net\/#\/schema\/person\/image\/\",\"url\":\"https:\/\/secure.gravatar.com\/avatar\/e0f2162b1b5580c030e61aaa35cef0f7f661d0aa2c376c3f53d8cb3834c39eaa?s=96&d=mm&r=g\",\"contentUrl\":\"https:\/\/secure.gravatar.com\/avatar\/e0f2162b1b5580c030e61aaa35cef0f7f661d0aa2c376c3f53d8cb3834c39eaa?s=96&d=mm&r=g\",\"caption\":\"E-Motivasyon\"},\"description\":\"E-Motivasyon Edit\u00f6r\u00fc\",\"sameAs\":[\"http:\/\/e-motivasyon.net\",\"https:\/\/www.facebook.com\/emotivasyon\/\",\"https:\/\/www.instagram.com\/e_motivasyon\/\",\"https:\/\/linkedin.com\/company\/emotivasyon\",\"https:\/\/tr.pinterest.com\/emotivasyon\/\",\"https:\/\/x.com\/emotivasyon\",\"https:\/\/www.youtube.com\/user\/emotivasyon\"],\"url\":\"https:\/\/e-motivasyon.net\/en\/author\/emotivasyon\"}]}<\/script>\n<!-- \/ Yoast SEO plugin. -->","yoast_head_json":{"title":"\"Geli\u015fmi\u015f insan, sorunun ya\u015fanan olayda de\u011fil, kendisinin o olaya bak\u0131\u015f tarz\u0131nda oldu\u011funun bilincindedir.\" Epiktetos | E-Motivasyon","description":"\"Geli\u015fmi\u015f insan, sorunun ya\u015fanan olayda de\u011fil, kendisinin o olaya bak\u0131\u015f tarz\u0131nda oldu\u011funun bilincindedir.\" Epiktetos","robots":{"index":"index","follow":"follow","max-snippet":"max-snippet:-1","max-image-preview":"max-image-preview:large","max-video-preview":"max-video-preview:-1"},"canonical":"https:\/\/e-motivasyon.net\/en\/gelismis-insan-sorunun-yasanan-olayda-degil-kendisinin-o-olaya-bakis-tarzinda-oldugunun-bilincindedir-epiktetos.html\/","og_locale":"en_GB","og_type":"article","og_title":"\"Geli\u015fmi\u015f insan, sorunun ya\u015fanan olayda de\u011fil, kendisinin o olaya bak\u0131\u015f tarz\u0131nda oldu\u011funun bilincindedir.\" Epiktetos | E-Motivasyon","og_description":"\"Geli\u015fmi\u015f insan, sorunun ya\u015fanan olayda de\u011fil, kendisinin o olaya bak\u0131\u015f tarz\u0131nda oldu\u011funun bilincindedir.\" Epiktetos","og_url":"https:\/\/e-motivasyon.net\/en\/gelismis-insan-sorunun-yasanan-olayda-degil-kendisinin-o-olaya-bakis-tarzinda-oldugunun-bilincindedir-epiktetos.html\/","og_site_name":"E-Motivasyon","article_publisher":"https:\/\/www.facebook.com\/emotivasyon","article_author":"https:\/\/www.facebook.com\/emotivasyon\/","article_published_time":"2016-09-08T13:49:04+00:00","article_modified_time":"2026-01-31T22:22:35+00:00","og_image":[{"width":1024,"height":683,"url":"https:\/\/e-motivasyon.net\/wp-content\/uploads\/2018\/12\/e-motivasyon.net_bakis_acini_degistir.jpg","type":"image\/jpeg"}],"author":"E-Motivasyon","twitter_card":"summary_large_image","twitter_creator":"@emotivasyon","twitter_site":"@emotivasyon","twitter_misc":{"Written by":"E-Motivasyon","Estimated reading time":"2 minutes"},"schema":{"@context":"https:\/\/schema.org","@graph":[{"@type":"Article","@id":"https:\/\/e-motivasyon.net\/gelismis-insan-sorunun-yasanan-olayda-degil-kendisinin-o-olaya-bakis-tarzinda-oldugunun-bilincindedir-epiktetos.html#article","isPartOf":{"@id":"https:\/\/e-motivasyon.net\/gelismis-insan-sorunun-yasanan-olayda-degil-kendisinin-o-olaya-bakis-tarzinda-oldugunun-bilincindedir-epiktetos.html"},"author":{"name":"E-Motivasyon","@id":"https:\/\/e-motivasyon.net\/#\/schema\/person\/6abb0d3573b2924b2756f70b70156153"},"headline":"&#8220;Geli\u015fmi\u015f insan, sorunun ya\u015fanan olayda de\u011fil, kendisinin o olaya bak\u0131\u015f tarz\u0131nda oldu\u011funun bilincindedir.&#8221; Epiktetos","datePublished":"2016-09-08T13:49:04+00:00","dateModified":"2026-01-31T22:22:35+00:00","mainEntityOfPage":{"@id":"https:\/\/e-motivasyon.net\/gelismis-insan-sorunun-yasanan-olayda-degil-kendisinin-o-olaya-bakis-tarzinda-oldugunun-bilincindedir-epiktetos.html"},"wordCount":445,"commentCount":0,"publisher":{"@id":"https:\/\/e-motivasyon.net\/#organization"},"image":{"@id":"https:\/\/e-motivasyon.net\/gelismis-insan-sorunun-yasanan-olayda-degil-kendisinin-o-olaya-bakis-tarzinda-oldugunun-bilincindedir-epiktetos.html#primaryimage"},"thumbnailUrl":"https:\/\/e-motivasyon.net\/wp-content\/uploads\/2018\/12\/e-motivasyon.net_bakis_acini_degistir.jpg","keywords":["Epiktetos"],"articleSection":["Bilim ve Bilgelik S\u00f6zleri","\u0130nsanlara Dair S\u00f6zler"],"inLanguage":"en-GB","potentialAction":[{"@type":"CommentAction","name":"Comment","target":["https:\/\/e-motivasyon.net\/gelismis-insan-sorunun-yasanan-olayda-degil-kendisinin-o-olaya-bakis-tarzinda-oldugunun-bilincindedir-epiktetos.html#respond"]}]},{"@type":"WebPage","@id":"https:\/\/e-motivasyon.net\/gelismis-insan-sorunun-yasanan-olayda-degil-kendisinin-o-olaya-bakis-tarzinda-oldugunun-bilincindedir-epiktetos.html","url":"https:\/\/e-motivasyon.net\/gelismis-insan-sorunun-yasanan-olayda-degil-kendisinin-o-olaya-bakis-tarzinda-oldugunun-bilincindedir-epiktetos.html","name":"\"Geli\u015fmi\u015f insan, sorunun ya\u015fanan olayda de\u011fil, kendisinin o olaya bak\u0131\u015f tarz\u0131nda oldu\u011funun bilincindedir.\" Epiktetos | E-Motivasyon","isPartOf":{"@id":"https:\/\/e-motivasyon.net\/#website"},"primaryImageOfPage":{"@id":"https:\/\/e-motivasyon.net\/gelismis-insan-sorunun-yasanan-olayda-degil-kendisinin-o-olaya-bakis-tarzinda-oldugunun-bilincindedir-epiktetos.html#primaryimage"},"image":{"@id":"https:\/\/e-motivasyon.net\/gelismis-insan-sorunun-yasanan-olayda-degil-kendisinin-o-olaya-bakis-tarzinda-oldugunun-bilincindedir-epiktetos.html#primaryimage"},"thumbnailUrl":"https:\/\/e-motivasyon.net\/wp-content\/uploads\/2018\/12\/e-motivasyon.net_bakis_acini_degistir.jpg","datePublished":"2016-09-08T13:49:04+00:00","dateModified":"2026-01-31T22:22:35+00:00","description":"\"Geli\u015fmi\u015f insan, sorunun ya\u015fanan olayda de\u011fil, kendisinin o olaya bak\u0131\u015f tarz\u0131nda oldu\u011funun bilincindedir.\" Epiktetos","breadcrumb":{"@id":"https:\/\/e-motivasyon.net\/gelismis-insan-sorunun-yasanan-olayda-degil-kendisinin-o-olaya-bakis-tarzinda-oldugunun-bilincindedir-epiktetos.html#breadcrumb"},"inLanguage":"en-GB","potentialAction":[{"@type":"ReadAction","target":["https:\/\/e-motivasyon.net\/gelismis-insan-sorunun-yasanan-olayda-degil-kendisinin-o-olaya-bakis-tarzinda-oldugunun-bilincindedir-epiktetos.html"]}]},{"@type":"ImageObject","inLanguage":"en-GB","@id":"https:\/\/e-motivasyon.net\/gelismis-insan-sorunun-yasanan-olayda-degil-kendisinin-o-olaya-bakis-tarzinda-oldugunun-bilincindedir-epiktetos.html#primaryimage","url":"https:\/\/e-motivasyon.net\/wp-content\/uploads\/2018\/12\/e-motivasyon.net_bakis_acini_degistir.jpg","contentUrl":"https:\/\/e-motivasyon.net\/wp-content\/uploads\/2018\/12\/e-motivasyon.net_bakis_acini_degistir.jpg"},{"@type":"BreadcrumbList","@id":"https:\/\/e-motivasyon.net\/gelismis-insan-sorunun-yasanan-olayda-degil-kendisinin-o-olaya-bakis-tarzinda-oldugunun-bilincindedir-epiktetos.html#breadcrumb","itemListElement":[{"@type":"ListItem","position":1,"name":"Ana Sayfa","item":"https:\/\/e-motivasyon.net\/"},{"@type":"ListItem","position":2,"name":"&#8220;Geli\u015fmi\u015f insan, sorunun ya\u015fanan olayda de\u011fil, kendisinin o olaya bak\u0131\u015f tarz\u0131nda oldu\u011funun bilincindedir.&#8221; Epiktetos"}]},{"@type":"WebSite","@id":"https:\/\/e-motivasyon.net\/#website","url":"https:\/\/e-motivasyon.net\/","name":"E-Motivation","description":"Motivasyon Adresin","publisher":{"@id":"https:\/\/e-motivasyon.net\/#organization"},"alternateName":"E-Motivasyon","potentialAction":[{"@type":"SearchAction","target":{"@type":"EntryPoint","urlTemplate":"https:\/\/e-motivasyon.net\/?s={search_term_string}"},"query-input":{"@type":"PropertyValueSpecification","valueRequired":true,"valueName":"search_term_string"}}],"inLanguage":"en-GB"},{"@type":"Organization","@id":"https:\/\/e-motivasyon.net\/#organization","name":"e-motivation.net","alternateName":"E-Motivasyon","url":"https:\/\/e-motivasyon.net\/","logo":{"@type":"ImageObject","inLanguage":"en-GB","@id":"https:\/\/e-motivasyon.net\/#\/schema\/logo\/image\/","url":"http:\/\/e-motivasyon.net\/wp-content\/uploads\/2015\/08\/e-motivasyon.net_.png","contentUrl":"http:\/\/e-motivasyon.net\/wp-content\/uploads\/2015\/08\/e-motivasyon.net_.png","width":200,"height":200,"caption":"e-motivasyon.net"},"image":{"@id":"https:\/\/e-motivasyon.net\/#\/schema\/logo\/image\/"},"sameAs":["https:\/\/www.facebook.com\/emotivasyon","https:\/\/x.com\/emotivasyon"]},{"@type":"Person","@id":"https:\/\/e-motivasyon.net\/#\/schema\/person\/6abb0d3573b2924b2756f70b70156153","name":"E-Motivation","image":{"@type":"ImageObject","inLanguage":"en-GB","@id":"https:\/\/e-motivasyon.net\/#\/schema\/person\/image\/","url":"https:\/\/secure.gravatar.com\/avatar\/e0f2162b1b5580c030e61aaa35cef0f7f661d0aa2c376c3f53d8cb3834c39eaa?s=96&d=mm&r=g","contentUrl":"https:\/\/secure.gravatar.com\/avatar\/e0f2162b1b5580c030e61aaa35cef0f7f661d0aa2c376c3f53d8cb3834c39eaa?s=96&d=mm&r=g","caption":"E-Motivasyon"},"description":"E-Motivasyon Edit\u00f6r\u00fc","sameAs":["http:\/\/e-motivasyon.net","https:\/\/www.facebook.com\/emotivasyon\/","https:\/\/www.instagram.com\/e_motivasyon\/","https:\/\/linkedin.com\/company\/emotivasyon","https:\/\/tr.pinterest.com\/emotivasyon\/","https:\/\/x.com\/emotivasyon","https:\/\/www.youtube.com\/user\/emotivasyon"],"url":"https:\/\/e-motivasyon.net\/en\/author\/emotivasyon"}]}},"_links":{"self":[{"href":"https:\/\/e-motivasyon.net\/en\/wp-json\/wp\/v2\/posts\/22308","targetHints":{"allow":["GET"]}}],"collection":[{"href":"https:\/\/e-motivasyon.net\/en\/wp-json\/wp\/v2\/posts"}],"about":[{"href":"https:\/\/e-motivasyon.net\/en\/wp-json\/wp\/v2\/types\/post"}],"author":[{"embeddable":true,"href":"https:\/\/e-motivasyon.net\/en\/wp-json\/wp\/v2\/users\/13786"}],"replies":[{"embeddable":true,"href":"https:\/\/e-motivasyon.net\/en\/wp-json\/wp\/v2\/comments?post=22308"}],"version-history":[{"count":0,"href":"https:\/\/e-motivasyon.net\/en\/wp-json\/wp\/v2\/posts\/22308\/revisions"}],"wp:attachment":[{"href":"https:\/\/e-motivasyon.net\/en\/wp-json\/wp\/v2\/media?parent=22308"}],"wp:term":[{"taxonomy":"category","embeddable":true,"href":"https:\/\/e-motivasyon.net\/en\/wp-json\/wp\/v2\/categories?post=22308"},{"taxonomy":"post_tag","embeddable":true,"href":"https:\/\/e-motivasyon.net\/en\/wp-json\/wp\/v2\/tags?post=22308"}],"curies":[{"name":"wp","href":"https:\/\/api.w.org\/{rel}","templated":true}]}}