{"id":19282,"date":"2016-01-22T23:29:38","date_gmt":"2016-01-22T21:29:38","guid":{"rendered":"http:\/\/www.ozdeyis.net\/?p=16574"},"modified":"2026-03-05T21:03:46","modified_gmt":"2026-03-05T21:03:46","slug":"edmond-dantes-tanriya-inanmiyorum-abbe-faria-sorun-degil-o-sana-inaniyor-monte-kristo-kontu-the-count-of-monte-cristo","status":"publish","type":"post","link":"https:\/\/e-motivasyon.net\/en\/edmond-dantes-tanriya-inanmiyorum-abbe-faria-sorun-degil-o-sana-inaniyor-monte-kristo-kontu-the-count-of-monte-cristo.html","title":{"rendered":"\u201cEdmond Dantes: I don&#039;t believe in God\u2026 Abbe Faria: It&#039;s okay, He believes in you.\u201d The Count of Monte Cristo \u2013 The Count Of Monte Cristo"},"content":{"rendered":"<h3 style=\"text-align: center;\">Edmond Dantes: <strong><em>Tanr\u0131ya inanm\u0131yorum!<\/em><\/strong><\/h3>\n<h3 style=\"text-align: center;\">Abbe Faria: <em><strong>Sorun de\u011fil, O sana inan\u0131yor.<\/strong><\/em><\/h3>\n<p style=\"text-align: center;\">Monte Kristo Kontu &#8211; The Count Of Monte Cristo (2002)<\/p>\n<p><a href=\"http:\/\/e-motivasyon.net\/wp-content\/uploads\/2016\/01\/e-motivasyon.net_The_Count_Of_Monte_Cristo_2002_replikleri.jpg\"><img loading=\"lazy\" decoding=\"async\" class=\"size-full wp-image-52743 aligncenter\" src=\"http:\/\/e-motivasyon.net\/wp-content\/uploads\/2016\/01\/e-motivasyon.net_The_Count_Of_Monte_Cristo_2002_replikleri.jpg\" alt=\"Edmond Dantes: Tanr\u0131ya inanm\u0131yorum! Abbe Faria: Sorun de\u011fil, O sana inan\u0131yor. Monte Kristo Kontu - The Count Of Monte Cristo (2002)\" width=\"575\" height=\"375\" srcset=\"https:\/\/e-motivasyon.net\/wp-content\/uploads\/2016\/01\/e-motivasyon.net_The_Count_Of_Monte_Cristo_2002_replikleri.jpg 575w, https:\/\/e-motivasyon.net\/wp-content\/uploads\/2016\/01\/e-motivasyon.net_The_Count_Of_Monte_Cristo_2002_replikleri-300x196.jpg 300w, https:\/\/e-motivasyon.net\/wp-content\/uploads\/2016\/01\/e-motivasyon.net_The_Count_Of_Monte_Cristo_2002_replikleri-18x12.jpg 18w, https:\/\/e-motivasyon.net\/wp-content\/uploads\/2016\/01\/e-motivasyon.net_The_Count_Of_Monte_Cristo_2002_replikleri-230x150.jpg 230w, https:\/\/e-motivasyon.net\/wp-content\/uploads\/2016\/01\/e-motivasyon.net_The_Count_Of_Monte_Cristo_2002_replikleri-350x228.jpg 350w, https:\/\/e-motivasyon.net\/wp-content\/uploads\/2016\/01\/e-motivasyon.net_The_Count_Of_Monte_Cristo_2002_replikleri-480x313.jpg 480w\" sizes=\"auto, (max-width: 575px) 100vw, 575px\" \/><\/a><\/p>\n<p style=\"text-align: center;\"><a href=\"http:\/\/e-motivasyon.net\/en\/ozdeyisler\/film-replikleri\/\" target=\"_blank\" rel=\"noopener\"><span style=\"color: #3366ff;\"><strong>Latest Movie Quotes<\/strong><\/span><\/a><\/p>\n<p data-start=\"185\" data-end=\"880\">Bu s\u00f6z, insan\u0131n umudunu kaybetti\u011fi anlarda bile hayat\u0131n ona h\u00e2l\u00e2 bir \u015fans verdi\u011fini anlatan derin bir metafor gibidir. Filmde <span class=\"hover:entity-accent entity-underline inline cursor-pointer align-baseline\"><span class=\"whitespace-normal\">Edmond Dant\u00e8s<\/span><\/span> haks\u0131z yere hapsedilmi\u015f, hayata ve adalete olan g\u00fcvenini neredeyse tamamen yitirmi\u015ftir. Fakat bilge rahip <span class=\"hover:entity-accent entity-underline inline cursor-pointer align-baseline\"><span class=\"whitespace-normal\">Abb\u00e9 Faria<\/span><\/span> ona tek bir c\u00fcmleyle g\u00fc\u00e7l\u00fc bir hat\u0131rlatma yapar: <strong data-start=\"542\" data-end=\"631\">Bazen biz inanc\u0131m\u0131z\u0131 kaybederiz ama hayat\u0131n bize sundu\u011fu potansiyel h\u00e2l\u00e2 orada durur.<\/strong> Bu s\u00f6z sadece dini bir inan\u00e7tan bahsetmez; ayn\u0131 zamanda insan\u0131n i\u00e7indeki g\u00fcce, yeniden aya\u011fa kalkma kapasitesine ve kaderin sundu\u011fu f\u0131rsatlara i\u015faret eder. \u0130nsan bazen kendine bile inanmaz; fakat hayat, sab\u0131rla onun yeniden aya\u011fa kalkmas\u0131n\u0131 bekler.<\/p>\n<p data-start=\"882\" data-end=\"1446\">Bu s\u00f6zden ilham alarak g\u00fcnl\u00fck hayatta uygulayabilece\u011fimiz basit ama etkili bir pratik var: <strong data-start=\"973\" data-end=\"1019\">\u201cHen\u00fcz bitmedi\u201d bak\u0131\u015f a\u00e7\u0131s\u0131n\u0131 geli\u015ftirmek.<\/strong> Zor bir g\u00fcn ge\u00e7irdi\u011finizde, i\u015fler ters gitti\u011finde ya da kendinize olan g\u00fcveniniz sars\u0131ld\u0131\u011f\u0131nda kendinize \u015fu soruyu sorun: \u201cBu hik\u00e2yenin ger\u00e7ekten sonu mu, yoksa sadece zor bir b\u00f6l\u00fcm\u00fc m\u00fc?\u201d Ard\u0131ndan k\u00fc\u00e7\u00fck bir ad\u0131m at\u0131n. Belki bir telefon g\u00f6r\u00fc\u015fmesi, belki yeni bir plan yapmak, belki de sadece ertesi g\u00fcn tekrar denemek\u2026 \u00c7\u00fcnk\u00fc \u00e7o\u011fu zaman insan\u0131 kurtaran \u015fey b\u00fcy\u00fck mucizeler de\u011fil, <strong data-start=\"1398\" data-end=\"1446\">umudun tamamen t\u00fckenmesine izin vermemektir.<\/strong><\/p>\n<p data-start=\"1448\" data-end=\"2062\">Hayatta bir\u00e7ok insan t\u0131pk\u0131 Edmond Dant\u00e8s gibi haks\u0131zl\u0131klar, hayal k\u0131r\u0131kl\u0131klar\u0131 ya da ba\u015far\u0131s\u0131zl\u0131klarla kar\u015f\u0131la\u015fabilir. \u0130\u015fini kaybeden biri, ili\u015fkisi biten biri ya da hedeflerinden uzakla\u015fan biri kendini tamamen \u00e7\u0131kmazda hissedebilir. Ama zamanla \u00e7o\u011fu ki\u015fi geriye d\u00f6n\u00fcp bakt\u0131\u011f\u0131nda o zor d\u00f6nemin asl\u0131nda hayat\u0131n\u0131 de\u011fi\u015ftiren bir d\u00f6n\u00fcm noktas\u0131 oldu\u011funu fark eder. \u00c7\u00fcnk\u00fc <strong data-start=\"1814\" data-end=\"1913\">f\u0131rt\u0131na ge\u00e7tikten sonra insan yaln\u0131zca kurtulmu\u015f olmaz; ayn\u0131 zamanda daha g\u00fc\u00e7l\u00fc birine d\u00f6n\u00fc\u015f\u00fcr.<\/strong> \u0130\u015fte bu y\u00fczden bu sahnenin verdi\u011fi mesaj \u00e7ok nettir: <em data-start=\"1967\" data-end=\"2062\"><strong data-start=\"1968\" data-end=\"2061\">Siz bazen umudunuzu kaybetseniz bile, hayat\u0131n size olan inanc\u0131 hen\u00fcz t\u00fckenmemi\u015f olabilir.<\/strong><\/em><\/p>\n<hr data-start=\"2064\" data-end=\"2067\" \/>\n<h3 data-start=\"2069\" data-end=\"2096\">Alexandre Dumas Kimdir?<\/h3>\n<p data-start=\"2097\" data-end=\"2697\" data-is-last-node=\"\" data-is-only-node=\"\"><span class=\"hover:entity-accent entity-underline inline cursor-pointer align-baseline\"><span class=\"whitespace-normal\">Alexandre Dumas<\/span><\/span> (1802\u20131870) Frans\u0131z romanc\u0131 ve oyun yazar\u0131d\u0131r. D\u00fcnya edebiyat\u0131n\u0131n en pop\u00fcler macera yazarlar\u0131ndan biri olarak kabul edilir. \u00d6zellikle <strong data-start=\"2269\" data-end=\"2291\">Monte Kristo Kontu<\/strong> . <strong data-start=\"2295\" data-end=\"2313\">\u00dc\u00e7 Silah\u015f\u00f6rler<\/strong> gibi eserleriyle tan\u0131n\u0131r. Romanlar\u0131nda adalet, intikam, sadakat ve insan iradesi gibi g\u00fc\u00e7l\u00fc temalar\u0131 i\u015fler. Yazd\u0131\u011f\u0131 eserler onlarca dile \u00e7evrilmi\u015f, tiyatroya ve sinemaya defalarca uyarlanm\u0131\u015ft\u0131r. 2002 yap\u0131m\u0131 <em data-start=\"2521\" data-end=\"2548\">The Count of Monte Cristo<\/em> filmi de onun ayn\u0131 adl\u0131 klasik roman\u0131ndan uyarlanm\u0131\u015ft\u0131r ve Edmond Dant\u00e8s\u2019in ihanet, sab\u0131r ve yeniden do\u011fu\u015f hik\u00e2yesini modern sinema diliyle anlat\u0131r.<\/p>\n<hr \/>\n<blockquote class=\"wp-embedded-content\" data-secret=\"SVD1IpvhDo\"><p><a href=\"https:\/\/e-motivasyon.net\/en\/inanmak-uzerine-sozler.html\/\">Quotes on Believing<\/a><\/p><\/blockquote>\n<p><iframe loading=\"lazy\" class=\"wp-embedded-content\" sandbox=\"allow-scripts\" security=\"restricted\" style=\"position: absolute; visibility: hidden;\" title=\"&#8220;\u0130nanmak \u00dczerine S\u00f6zler&#8221; &#8212; E-Motivasyon\" src=\"https:\/\/e-motivasyon.net\/inanmak-uzerine-sozler.html\/embed#?secret=3a3k2yKrWc#?secret=SVD1IpvhDo\" data-secret=\"SVD1IpvhDo\" width=\"600\" height=\"338\" frameborder=\"0\" marginwidth=\"0\" marginheight=\"0\" scrolling=\"no\"><\/iframe><\/p>\n<blockquote class=\"wp-embedded-content\" data-secret=\"5zo2vJbo5s\"><p><a href=\"https:\/\/e-motivasyon.net\/en\/monte-kristo-kontu-count-of-monte-cristo.html\/\">The Count of Monte Cristo \u2013 Count Of Monte Cristo<\/a><\/p><\/blockquote>\n<p><iframe loading=\"lazy\" class=\"wp-embedded-content\" sandbox=\"allow-scripts\" security=\"restricted\" style=\"position: absolute; visibility: hidden;\" title=\"&#8220;Monte Kristo Kontu &#8211;  Count Of Monte Cristo&#8221; &#8212; E-Motivasyon\" src=\"https:\/\/e-motivasyon.net\/monte-kristo-kontu-count-of-monte-cristo.html\/embed#?secret=a16RM5St0S#?secret=5zo2vJbo5s\" data-secret=\"5zo2vJbo5s\" width=\"600\" height=\"338\" frameborder=\"0\" marginwidth=\"0\" marginheight=\"0\" scrolling=\"no\"><\/iframe><\/p>\n<p>&nbsp;<\/p>","protected":false},"excerpt":{"rendered":"<p>Edmond Dantes: Tanr\u0131ya inanm\u0131yorum! Abbe Faria: Sorun de\u011fil, O sana inan\u0131yor. Monte Kristo Kontu &#8211; The [&hellip;]<\/p>\n","protected":false},"author":13786,"featured_media":52743,"comment_status":"open","ping_status":"closed","sticky":false,"template":"","format":"standard","meta":{"footnotes":""},"categories":[557,569,564,602],"tags":[],"class_list":["post-19282","post","type-post","status-publish","format-standard","has-post-thumbnail","hentry","category-film-replikleri","category-hayata-dair-ozlu-anlamli-sozler","category-inanmak-uzerine-ozlu-sozler","category-umut-umut-etmek-umit-etmek-ozlu-sozleri"],"yoast_head":"<!-- This site is optimized with the Yoast SEO plugin v27.0 - https:\/\/yoast.com\/product\/yoast-seo-wordpress\/ -->\n<title>&quot;Edmond Dantes: Tanr\u0131ya inanm\u0131yorum... Abbe Faria: Sorun de\u011fil, O sana inan\u0131yor.&quot; Monte Kristo Kontu - The Count Of Monte Cristo | E-Motivasyon<\/title>\n<meta name=\"description\" content=\"&quot;Edmond Dantes: Tanr\u0131ya inanm\u0131yorum... Abbe Faria: Sorun de\u011fil, O sana inan\u0131yor.&quot; Monte Kristo Kontu-The Count Of Monte Cristo (2002) repli\u011fi\" \/>\n<meta name=\"robots\" content=\"index, follow, max-snippet:-1, max-image-preview:large, max-video-preview:-1\" \/>\n<link rel=\"canonical\" href=\"https:\/\/e-motivasyon.net\/en\/edmond-dantes-tanriya-inanmiyorum-abbe-faria-sorun-degil-o-sana-inaniyor-monte-kristo-kontu-the-count-of-monte-cristo.html\/\" \/>\n<meta property=\"og:locale\" content=\"en_GB\" \/>\n<meta property=\"og:type\" content=\"article\" \/>\n<meta property=\"og:title\" content=\"&quot;Edmond Dantes: Tanr\u0131ya inanm\u0131yorum... Abbe Faria: Sorun de\u011fil, O sana inan\u0131yor.&quot; Monte Kristo Kontu - The Count Of Monte Cristo | E-Motivasyon\" \/>\n<meta property=\"og:description\" content=\"&quot;Edmond Dantes: Tanr\u0131ya inanm\u0131yorum... Abbe Faria: Sorun de\u011fil, O sana inan\u0131yor.&quot; Monte Kristo Kontu-The Count Of Monte Cristo (2002) repli\u011fi\" \/>\n<meta property=\"og:url\" content=\"https:\/\/e-motivasyon.net\/en\/edmond-dantes-tanriya-inanmiyorum-abbe-faria-sorun-degil-o-sana-inaniyor-monte-kristo-kontu-the-count-of-monte-cristo.html\/\" \/>\n<meta property=\"og:site_name\" content=\"E-Motivasyon\" \/>\n<meta property=\"article:publisher\" content=\"https:\/\/www.facebook.com\/emotivasyon\" \/>\n<meta property=\"article:author\" content=\"https:\/\/www.facebook.com\/emotivasyon\/\" \/>\n<meta property=\"article:published_time\" content=\"2016-01-22T21:29:38+00:00\" \/>\n<meta property=\"article:modified_time\" content=\"2026-03-05T21:03:46+00:00\" \/>\n<meta property=\"og:image\" content=\"https:\/\/e-motivasyon.net\/wp-content\/uploads\/2016\/01\/e-motivasyon.net_The_Count_Of_Monte_Cristo_2002_replikleri.jpg\" \/>\n\t<meta property=\"og:image:width\" content=\"575\" \/>\n\t<meta property=\"og:image:height\" content=\"375\" \/>\n\t<meta property=\"og:image:type\" content=\"image\/jpeg\" \/>\n<meta name=\"author\" content=\"E-Motivasyon\" \/>\n<meta name=\"twitter:card\" content=\"summary_large_image\" \/>\n<meta name=\"twitter:creator\" content=\"@emotivasyon\" \/>\n<meta name=\"twitter:site\" content=\"@emotivasyon\" \/>\n<meta name=\"twitter:label1\" content=\"Written by\" \/>\n\t<meta name=\"twitter:data1\" content=\"E-Motivasyon\" \/>\n\t<meta name=\"twitter:label2\" content=\"Estimated reading time\" \/>\n\t<meta name=\"twitter:data2\" content=\"3 minutes\" \/>\n<script type=\"application\/ld+json\" class=\"yoast-schema-graph\">{\"@context\":\"https:\/\/schema.org\",\"@graph\":[{\"@type\":\"Article\",\"@id\":\"https:\/\/e-motivasyon.net\/edmond-dantes-tanriya-inanmiyorum-abbe-faria-sorun-degil-o-sana-inaniyor-monte-kristo-kontu-the-count-of-monte-cristo.html#article\",\"isPartOf\":{\"@id\":\"https:\/\/e-motivasyon.net\/edmond-dantes-tanriya-inanmiyorum-abbe-faria-sorun-degil-o-sana-inaniyor-monte-kristo-kontu-the-count-of-monte-cristo.html\"},\"author\":{\"name\":\"E-Motivasyon\",\"@id\":\"https:\/\/e-motivasyon.net\/#\/schema\/person\/6abb0d3573b2924b2756f70b70156153\"},\"headline\":\"&#8220;Edmond Dantes: Tanr\u0131ya inanm\u0131yorum&#8230; Abbe Faria: Sorun de\u011fil, O sana inan\u0131yor.&#8221; Monte Kristo Kontu &#8211; The Count Of Monte Cristo\",\"datePublished\":\"2016-01-22T21:29:38+00:00\",\"dateModified\":\"2026-03-05T21:03:46+00:00\",\"mainEntityOfPage\":{\"@id\":\"https:\/\/e-motivasyon.net\/edmond-dantes-tanriya-inanmiyorum-abbe-faria-sorun-degil-o-sana-inaniyor-monte-kristo-kontu-the-count-of-monte-cristo.html\"},\"wordCount\":525,\"commentCount\":0,\"publisher\":{\"@id\":\"https:\/\/e-motivasyon.net\/#organization\"},\"image\":{\"@id\":\"https:\/\/e-motivasyon.net\/edmond-dantes-tanriya-inanmiyorum-abbe-faria-sorun-degil-o-sana-inaniyor-monte-kristo-kontu-the-count-of-monte-cristo.html#primaryimage\"},\"thumbnailUrl\":\"https:\/\/e-motivasyon.net\/wp-content\/uploads\/2016\/01\/e-motivasyon.net_The_Count_Of_Monte_Cristo_2002_replikleri.jpg\",\"articleSection\":[\"Film Replikleri\",\"Hayata Dair S\u00f6zler\",\"\u0130nanmak S\u00f6zleri\",\"Umut S\u00f6zleri\"],\"inLanguage\":\"en-GB\",\"potentialAction\":[{\"@type\":\"CommentAction\",\"name\":\"Comment\",\"target\":[\"https:\/\/e-motivasyon.net\/edmond-dantes-tanriya-inanmiyorum-abbe-faria-sorun-degil-o-sana-inaniyor-monte-kristo-kontu-the-count-of-monte-cristo.html#respond\"]}]},{\"@type\":\"WebPage\",\"@id\":\"https:\/\/e-motivasyon.net\/edmond-dantes-tanriya-inanmiyorum-abbe-faria-sorun-degil-o-sana-inaniyor-monte-kristo-kontu-the-count-of-monte-cristo.html\",\"url\":\"https:\/\/e-motivasyon.net\/edmond-dantes-tanriya-inanmiyorum-abbe-faria-sorun-degil-o-sana-inaniyor-monte-kristo-kontu-the-count-of-monte-cristo.html\",\"name\":\"\\\"Edmond Dantes: Tanr\u0131ya inanm\u0131yorum... Abbe Faria: Sorun de\u011fil, O sana inan\u0131yor.\\\" Monte Kristo Kontu - The Count Of Monte Cristo | E-Motivasyon\",\"isPartOf\":{\"@id\":\"https:\/\/e-motivasyon.net\/#website\"},\"primaryImageOfPage\":{\"@id\":\"https:\/\/e-motivasyon.net\/edmond-dantes-tanriya-inanmiyorum-abbe-faria-sorun-degil-o-sana-inaniyor-monte-kristo-kontu-the-count-of-monte-cristo.html#primaryimage\"},\"image\":{\"@id\":\"https:\/\/e-motivasyon.net\/edmond-dantes-tanriya-inanmiyorum-abbe-faria-sorun-degil-o-sana-inaniyor-monte-kristo-kontu-the-count-of-monte-cristo.html#primaryimage\"},\"thumbnailUrl\":\"https:\/\/e-motivasyon.net\/wp-content\/uploads\/2016\/01\/e-motivasyon.net_The_Count_Of_Monte_Cristo_2002_replikleri.jpg\",\"datePublished\":\"2016-01-22T21:29:38+00:00\",\"dateModified\":\"2026-03-05T21:03:46+00:00\",\"description\":\"\\\"Edmond Dantes: Tanr\u0131ya inanm\u0131yorum... Abbe Faria: Sorun de\u011fil, O sana inan\u0131yor.\\\" Monte Kristo Kontu-The Count Of Monte Cristo (2002) repli\u011fi\",\"breadcrumb\":{\"@id\":\"https:\/\/e-motivasyon.net\/edmond-dantes-tanriya-inanmiyorum-abbe-faria-sorun-degil-o-sana-inaniyor-monte-kristo-kontu-the-count-of-monte-cristo.html#breadcrumb\"},\"inLanguage\":\"en-GB\",\"potentialAction\":[{\"@type\":\"ReadAction\",\"target\":[\"https:\/\/e-motivasyon.net\/edmond-dantes-tanriya-inanmiyorum-abbe-faria-sorun-degil-o-sana-inaniyor-monte-kristo-kontu-the-count-of-monte-cristo.html\"]}]},{\"@type\":\"ImageObject\",\"inLanguage\":\"en-GB\",\"@id\":\"https:\/\/e-motivasyon.net\/edmond-dantes-tanriya-inanmiyorum-abbe-faria-sorun-degil-o-sana-inaniyor-monte-kristo-kontu-the-count-of-monte-cristo.html#primaryimage\",\"url\":\"https:\/\/e-motivasyon.net\/wp-content\/uploads\/2016\/01\/e-motivasyon.net_The_Count_Of_Monte_Cristo_2002_replikleri.jpg\",\"contentUrl\":\"https:\/\/e-motivasyon.net\/wp-content\/uploads\/2016\/01\/e-motivasyon.net_The_Count_Of_Monte_Cristo_2002_replikleri.jpg\",\"width\":575,\"height\":375,\"caption\":\"Edmond Dantes: Tanr\u0131ya inanm\u0131yorum! Abbe Faria: Sorun de\u011fil, O sana inan\u0131yor. Monte Kristo Kontu - The Count Of Monte Cristo (2002)\"},{\"@type\":\"BreadcrumbList\",\"@id\":\"https:\/\/e-motivasyon.net\/edmond-dantes-tanriya-inanmiyorum-abbe-faria-sorun-degil-o-sana-inaniyor-monte-kristo-kontu-the-count-of-monte-cristo.html#breadcrumb\",\"itemListElement\":[{\"@type\":\"ListItem\",\"position\":1,\"name\":\"Ana Sayfa\",\"item\":\"https:\/\/e-motivasyon.net\/\"},{\"@type\":\"ListItem\",\"position\":2,\"name\":\"&#8220;Edmond Dantes: Tanr\u0131ya inanm\u0131yorum&#8230; Abbe Faria: Sorun de\u011fil, O sana inan\u0131yor.&#8221; Monte Kristo Kontu &#8211; The Count Of Monte Cristo\"}]},{\"@type\":\"WebSite\",\"@id\":\"https:\/\/e-motivasyon.net\/#website\",\"url\":\"https:\/\/e-motivasyon.net\/\",\"name\":\"E-Motivasyon\",\"description\":\"Motivasyon Adresin\",\"publisher\":{\"@id\":\"https:\/\/e-motivasyon.net\/#organization\"},\"alternateName\":\"E-Motivasyon\",\"potentialAction\":[{\"@type\":\"SearchAction\",\"target\":{\"@type\":\"EntryPoint\",\"urlTemplate\":\"https:\/\/e-motivasyon.net\/?s={search_term_string}\"},\"query-input\":{\"@type\":\"PropertyValueSpecification\",\"valueRequired\":true,\"valueName\":\"search_term_string\"}}],\"inLanguage\":\"en-GB\"},{\"@type\":\"Organization\",\"@id\":\"https:\/\/e-motivasyon.net\/#organization\",\"name\":\"e-motivasyon.net\",\"alternateName\":\"E-Motivasyon\",\"url\":\"https:\/\/e-motivasyon.net\/\",\"logo\":{\"@type\":\"ImageObject\",\"inLanguage\":\"en-GB\",\"@id\":\"https:\/\/e-motivasyon.net\/#\/schema\/logo\/image\/\",\"url\":\"http:\/\/e-motivasyon.net\/wp-content\/uploads\/2015\/08\/e-motivasyon.net_.png\",\"contentUrl\":\"http:\/\/e-motivasyon.net\/wp-content\/uploads\/2015\/08\/e-motivasyon.net_.png\",\"width\":200,\"height\":200,\"caption\":\"e-motivasyon.net\"},\"image\":{\"@id\":\"https:\/\/e-motivasyon.net\/#\/schema\/logo\/image\/\"},\"sameAs\":[\"https:\/\/www.facebook.com\/emotivasyon\",\"https:\/\/x.com\/emotivasyon\"]},{\"@type\":\"Person\",\"@id\":\"https:\/\/e-motivasyon.net\/#\/schema\/person\/6abb0d3573b2924b2756f70b70156153\",\"name\":\"E-Motivasyon\",\"image\":{\"@type\":\"ImageObject\",\"inLanguage\":\"en-GB\",\"@id\":\"https:\/\/e-motivasyon.net\/#\/schema\/person\/image\/\",\"url\":\"https:\/\/secure.gravatar.com\/avatar\/e0f2162b1b5580c030e61aaa35cef0f7f661d0aa2c376c3f53d8cb3834c39eaa?s=96&d=mm&r=g\",\"contentUrl\":\"https:\/\/secure.gravatar.com\/avatar\/e0f2162b1b5580c030e61aaa35cef0f7f661d0aa2c376c3f53d8cb3834c39eaa?s=96&d=mm&r=g\",\"caption\":\"E-Motivasyon\"},\"description\":\"E-Motivasyon Edit\u00f6r\u00fc\",\"sameAs\":[\"http:\/\/e-motivasyon.net\",\"https:\/\/www.facebook.com\/emotivasyon\/\",\"https:\/\/www.instagram.com\/e_motivasyon\/\",\"https:\/\/linkedin.com\/company\/emotivasyon\",\"https:\/\/tr.pinterest.com\/emotivasyon\/\",\"https:\/\/x.com\/emotivasyon\",\"https:\/\/www.youtube.com\/user\/emotivasyon\"],\"url\":\"https:\/\/e-motivasyon.net\/en\/author\/emotivasyon\"}]}<\/script>\n<!-- \/ Yoast SEO plugin. -->","yoast_head_json":{"title":"\"Edmond Dantes: Tanr\u0131ya inanm\u0131yorum... Abbe Faria: Sorun de\u011fil, O sana inan\u0131yor.\" Monte Kristo Kontu - The Count Of Monte Cristo | E-Motivasyon","description":"\"Edmond Dantes: Tanr\u0131ya inanm\u0131yorum... Abbe Faria: Sorun de\u011fil, O sana inan\u0131yor.\" Monte Kristo Kontu-The Count Of Monte Cristo (2002) repli\u011fi","robots":{"index":"index","follow":"follow","max-snippet":"max-snippet:-1","max-image-preview":"max-image-preview:large","max-video-preview":"max-video-preview:-1"},"canonical":"https:\/\/e-motivasyon.net\/en\/edmond-dantes-tanriya-inanmiyorum-abbe-faria-sorun-degil-o-sana-inaniyor-monte-kristo-kontu-the-count-of-monte-cristo.html\/","og_locale":"en_GB","og_type":"article","og_title":"\"Edmond Dantes: Tanr\u0131ya inanm\u0131yorum... Abbe Faria: Sorun de\u011fil, O sana inan\u0131yor.\" Monte Kristo Kontu - The Count Of Monte Cristo | E-Motivasyon","og_description":"\"Edmond Dantes: Tanr\u0131ya inanm\u0131yorum... Abbe Faria: Sorun de\u011fil, O sana inan\u0131yor.\" Monte Kristo Kontu-The Count Of Monte Cristo (2002) repli\u011fi","og_url":"https:\/\/e-motivasyon.net\/en\/edmond-dantes-tanriya-inanmiyorum-abbe-faria-sorun-degil-o-sana-inaniyor-monte-kristo-kontu-the-count-of-monte-cristo.html\/","og_site_name":"E-Motivasyon","article_publisher":"https:\/\/www.facebook.com\/emotivasyon","article_author":"https:\/\/www.facebook.com\/emotivasyon\/","article_published_time":"2016-01-22T21:29:38+00:00","article_modified_time":"2026-03-05T21:03:46+00:00","og_image":[{"width":575,"height":375,"url":"https:\/\/e-motivasyon.net\/wp-content\/uploads\/2016\/01\/e-motivasyon.net_The_Count_Of_Monte_Cristo_2002_replikleri.jpg","type":"image\/jpeg"}],"author":"E-Motivasyon","twitter_card":"summary_large_image","twitter_creator":"@emotivasyon","twitter_site":"@emotivasyon","twitter_misc":{"Written by":"E-Motivasyon","Estimated reading time":"3 minutes"},"schema":{"@context":"https:\/\/schema.org","@graph":[{"@type":"Article","@id":"https:\/\/e-motivasyon.net\/edmond-dantes-tanriya-inanmiyorum-abbe-faria-sorun-degil-o-sana-inaniyor-monte-kristo-kontu-the-count-of-monte-cristo.html#article","isPartOf":{"@id":"https:\/\/e-motivasyon.net\/edmond-dantes-tanriya-inanmiyorum-abbe-faria-sorun-degil-o-sana-inaniyor-monte-kristo-kontu-the-count-of-monte-cristo.html"},"author":{"name":"E-Motivasyon","@id":"https:\/\/e-motivasyon.net\/#\/schema\/person\/6abb0d3573b2924b2756f70b70156153"},"headline":"&#8220;Edmond Dantes: Tanr\u0131ya inanm\u0131yorum&#8230; Abbe Faria: Sorun de\u011fil, O sana inan\u0131yor.&#8221; Monte Kristo Kontu &#8211; The Count Of Monte Cristo","datePublished":"2016-01-22T21:29:38+00:00","dateModified":"2026-03-05T21:03:46+00:00","mainEntityOfPage":{"@id":"https:\/\/e-motivasyon.net\/edmond-dantes-tanriya-inanmiyorum-abbe-faria-sorun-degil-o-sana-inaniyor-monte-kristo-kontu-the-count-of-monte-cristo.html"},"wordCount":525,"commentCount":0,"publisher":{"@id":"https:\/\/e-motivasyon.net\/#organization"},"image":{"@id":"https:\/\/e-motivasyon.net\/edmond-dantes-tanriya-inanmiyorum-abbe-faria-sorun-degil-o-sana-inaniyor-monte-kristo-kontu-the-count-of-monte-cristo.html#primaryimage"},"thumbnailUrl":"https:\/\/e-motivasyon.net\/wp-content\/uploads\/2016\/01\/e-motivasyon.net_The_Count_Of_Monte_Cristo_2002_replikleri.jpg","articleSection":["Film Replikleri","Hayata Dair S\u00f6zler","\u0130nanmak S\u00f6zleri","Umut S\u00f6zleri"],"inLanguage":"en-GB","potentialAction":[{"@type":"CommentAction","name":"Comment","target":["https:\/\/e-motivasyon.net\/edmond-dantes-tanriya-inanmiyorum-abbe-faria-sorun-degil-o-sana-inaniyor-monte-kristo-kontu-the-count-of-monte-cristo.html#respond"]}]},{"@type":"WebPage","@id":"https:\/\/e-motivasyon.net\/edmond-dantes-tanriya-inanmiyorum-abbe-faria-sorun-degil-o-sana-inaniyor-monte-kristo-kontu-the-count-of-monte-cristo.html","url":"https:\/\/e-motivasyon.net\/edmond-dantes-tanriya-inanmiyorum-abbe-faria-sorun-degil-o-sana-inaniyor-monte-kristo-kontu-the-count-of-monte-cristo.html","name":"\"Edmond Dantes: Tanr\u0131ya inanm\u0131yorum... Abbe Faria: Sorun de\u011fil, O sana inan\u0131yor.\" Monte Kristo Kontu - The Count Of Monte Cristo | E-Motivasyon","isPartOf":{"@id":"https:\/\/e-motivasyon.net\/#website"},"primaryImageOfPage":{"@id":"https:\/\/e-motivasyon.net\/edmond-dantes-tanriya-inanmiyorum-abbe-faria-sorun-degil-o-sana-inaniyor-monte-kristo-kontu-the-count-of-monte-cristo.html#primaryimage"},"image":{"@id":"https:\/\/e-motivasyon.net\/edmond-dantes-tanriya-inanmiyorum-abbe-faria-sorun-degil-o-sana-inaniyor-monte-kristo-kontu-the-count-of-monte-cristo.html#primaryimage"},"thumbnailUrl":"https:\/\/e-motivasyon.net\/wp-content\/uploads\/2016\/01\/e-motivasyon.net_The_Count_Of_Monte_Cristo_2002_replikleri.jpg","datePublished":"2016-01-22T21:29:38+00:00","dateModified":"2026-03-05T21:03:46+00:00","description":"\"Edmond Dantes: Tanr\u0131ya inanm\u0131yorum... Abbe Faria: Sorun de\u011fil, O sana inan\u0131yor.\" Monte Kristo Kontu-The Count Of Monte Cristo (2002) repli\u011fi","breadcrumb":{"@id":"https:\/\/e-motivasyon.net\/edmond-dantes-tanriya-inanmiyorum-abbe-faria-sorun-degil-o-sana-inaniyor-monte-kristo-kontu-the-count-of-monte-cristo.html#breadcrumb"},"inLanguage":"en-GB","potentialAction":[{"@type":"ReadAction","target":["https:\/\/e-motivasyon.net\/edmond-dantes-tanriya-inanmiyorum-abbe-faria-sorun-degil-o-sana-inaniyor-monte-kristo-kontu-the-count-of-monte-cristo.html"]}]},{"@type":"ImageObject","inLanguage":"en-GB","@id":"https:\/\/e-motivasyon.net\/edmond-dantes-tanriya-inanmiyorum-abbe-faria-sorun-degil-o-sana-inaniyor-monte-kristo-kontu-the-count-of-monte-cristo.html#primaryimage","url":"https:\/\/e-motivasyon.net\/wp-content\/uploads\/2016\/01\/e-motivasyon.net_The_Count_Of_Monte_Cristo_2002_replikleri.jpg","contentUrl":"https:\/\/e-motivasyon.net\/wp-content\/uploads\/2016\/01\/e-motivasyon.net_The_Count_Of_Monte_Cristo_2002_replikleri.jpg","width":575,"height":375,"caption":"Edmond Dantes: Tanr\u0131ya inanm\u0131yorum! Abbe Faria: Sorun de\u011fil, O sana inan\u0131yor. Monte Kristo Kontu - The Count Of Monte Cristo (2002)"},{"@type":"BreadcrumbList","@id":"https:\/\/e-motivasyon.net\/edmond-dantes-tanriya-inanmiyorum-abbe-faria-sorun-degil-o-sana-inaniyor-monte-kristo-kontu-the-count-of-monte-cristo.html#breadcrumb","itemListElement":[{"@type":"ListItem","position":1,"name":"Ana Sayfa","item":"https:\/\/e-motivasyon.net\/"},{"@type":"ListItem","position":2,"name":"&#8220;Edmond Dantes: Tanr\u0131ya inanm\u0131yorum&#8230; Abbe Faria: Sorun de\u011fil, O sana inan\u0131yor.&#8221; Monte Kristo Kontu &#8211; The Count Of Monte Cristo"}]},{"@type":"WebSite","@id":"https:\/\/e-motivasyon.net\/#website","url":"https:\/\/e-motivasyon.net\/","name":"E-Motivation","description":"Motivasyon Adresin","publisher":{"@id":"https:\/\/e-motivasyon.net\/#organization"},"alternateName":"E-Motivasyon","potentialAction":[{"@type":"SearchAction","target":{"@type":"EntryPoint","urlTemplate":"https:\/\/e-motivasyon.net\/?s={search_term_string}"},"query-input":{"@type":"PropertyValueSpecification","valueRequired":true,"valueName":"search_term_string"}}],"inLanguage":"en-GB"},{"@type":"Organization","@id":"https:\/\/e-motivasyon.net\/#organization","name":"e-motivation.net","alternateName":"E-Motivasyon","url":"https:\/\/e-motivasyon.net\/","logo":{"@type":"ImageObject","inLanguage":"en-GB","@id":"https:\/\/e-motivasyon.net\/#\/schema\/logo\/image\/","url":"http:\/\/e-motivasyon.net\/wp-content\/uploads\/2015\/08\/e-motivasyon.net_.png","contentUrl":"http:\/\/e-motivasyon.net\/wp-content\/uploads\/2015\/08\/e-motivasyon.net_.png","width":200,"height":200,"caption":"e-motivasyon.net"},"image":{"@id":"https:\/\/e-motivasyon.net\/#\/schema\/logo\/image\/"},"sameAs":["https:\/\/www.facebook.com\/emotivasyon","https:\/\/x.com\/emotivasyon"]},{"@type":"Person","@id":"https:\/\/e-motivasyon.net\/#\/schema\/person\/6abb0d3573b2924b2756f70b70156153","name":"E-Motivation","image":{"@type":"ImageObject","inLanguage":"en-GB","@id":"https:\/\/e-motivasyon.net\/#\/schema\/person\/image\/","url":"https:\/\/secure.gravatar.com\/avatar\/e0f2162b1b5580c030e61aaa35cef0f7f661d0aa2c376c3f53d8cb3834c39eaa?s=96&d=mm&r=g","contentUrl":"https:\/\/secure.gravatar.com\/avatar\/e0f2162b1b5580c030e61aaa35cef0f7f661d0aa2c376c3f53d8cb3834c39eaa?s=96&d=mm&r=g","caption":"E-Motivasyon"},"description":"E-Motivasyon Edit\u00f6r\u00fc","sameAs":["http:\/\/e-motivasyon.net","https:\/\/www.facebook.com\/emotivasyon\/","https:\/\/www.instagram.com\/e_motivasyon\/","https:\/\/linkedin.com\/company\/emotivasyon","https:\/\/tr.pinterest.com\/emotivasyon\/","https:\/\/x.com\/emotivasyon","https:\/\/www.youtube.com\/user\/emotivasyon"],"url":"https:\/\/e-motivasyon.net\/en\/author\/emotivasyon"}]}},"_links":{"self":[{"href":"https:\/\/e-motivasyon.net\/en\/wp-json\/wp\/v2\/posts\/19282","targetHints":{"allow":["GET"]}}],"collection":[{"href":"https:\/\/e-motivasyon.net\/en\/wp-json\/wp\/v2\/posts"}],"about":[{"href":"https:\/\/e-motivasyon.net\/en\/wp-json\/wp\/v2\/types\/post"}],"author":[{"embeddable":true,"href":"https:\/\/e-motivasyon.net\/en\/wp-json\/wp\/v2\/users\/13786"}],"replies":[{"embeddable":true,"href":"https:\/\/e-motivasyon.net\/en\/wp-json\/wp\/v2\/comments?post=19282"}],"version-history":[{"count":2,"href":"https:\/\/e-motivasyon.net\/en\/wp-json\/wp\/v2\/posts\/19282\/revisions"}],"predecessor-version":[{"id":58810,"href":"https:\/\/e-motivasyon.net\/en\/wp-json\/wp\/v2\/posts\/19282\/revisions\/58810"}],"wp:featuredmedia":[{"embeddable":true,"href":"https:\/\/e-motivasyon.net\/en\/wp-json\/wp\/v2\/media\/52743"}],"wp:attachment":[{"href":"https:\/\/e-motivasyon.net\/en\/wp-json\/wp\/v2\/media?parent=19282"}],"wp:term":[{"taxonomy":"category","embeddable":true,"href":"https:\/\/e-motivasyon.net\/en\/wp-json\/wp\/v2\/categories?post=19282"},{"taxonomy":"post_tag","embeddable":true,"href":"https:\/\/e-motivasyon.net\/en\/wp-json\/wp\/v2\/tags?post=19282"}],"curies":[{"name":"wp","href":"https:\/\/api.w.org\/{rel}","templated":true}]}}