{"id":17464,"date":"2015-11-03T23:16:13","date_gmt":"2015-11-03T23:16:13","guid":{"rendered":"http:\/\/e-motivasyon.net\/?p=17464"},"modified":"2026-02-07T09:28:01","modified_gmt":"2026-02-07T09:28:01","slug":"elleriyle-calisan-insan-iscidir-elleri-ve-kafasiyla-calisan-insan-ustadir-elleri-kafasi-ve-yuregi-ile-calisan-insan-sanatkardir-goethe","status":"publish","type":"post","link":"https:\/\/e-motivasyon.net\/en\/elleriyle-calisan-insan-iscidir-elleri-ve-kafasiyla-calisan-insan-ustadir-elleri-kafasi-ve-yuregi-ile-calisan-insan-sanatkardir-goethe.html","title":{"rendered":"&#8220;Elleriyle \u00e7al\u0131\u015fan insan i\u015f\u00e7idir. Elleri ve kafas\u0131yla \u00e7al\u0131\u015fan insan ustad\u0131r. Elleri, kafas\u0131 ve y\u00fcre\u011fi ile \u00e7al\u0131\u015fan insan sanatkard\u0131r.&#8221; Goethe"},"content":{"rendered":"<p style=\"text-align: center;\"><em><strong>&#8220;Elleriyle \u00e7al\u0131\u015fan insan i\u015f\u00e7idir. Elleri ve kafas\u0131yla \u00e7al\u0131\u015fan insan ustad\u0131r. Elleri, kafas\u0131 ve y\u00fcre\u011fi ile \u00e7al\u0131\u015fan insan sanatkard\u0131r.&#8221; <a href=\"http:\/\/e-motivasyon.net\/en\/tag\/goethe-ozlu-sozleri\/\" target=\"_blank\" rel=\"noopener\">Goethe<\/a><\/strong><\/em><\/p>\n<p><a href=\"https:\/\/e-motivasyon.net\/wp-content\/uploads\/2019\/10\/e-motivasyon.net_tom_sawyer_partisi_kisisel_gelisim_oykusu.jpg\"><img loading=\"lazy\" decoding=\"async\" class=\"wp-image-37947 aligncenter\" src=\"https:\/\/e-motivasyon.net\/wp-content\/uploads\/2019\/10\/e-motivasyon.net_tom_sawyer_partisi_kisisel_gelisim_oykusu.jpg\" alt=\"Tom Sawyer Partisi... Samuel Clemens harika bir hikaye anlat\u0131c\u0131s\u0131yd\u0131. Hayat\u0131nda oynamak i\u00e7in Mark Twain ad\u0131nda bir karakter bile yaratt\u0131. Mark Twain hikayeler de\u011fi\u015fti\u011fi zaman, hayatlar\u0131n da nas\u0131l de\u011fi\u015fti\u011fi hakk\u0131nda \u00e7ok \u015fey biliyordu.\" width=\"723\" height=\"330\" srcset=\"https:\/\/e-motivasyon.net\/wp-content\/uploads\/2019\/10\/e-motivasyon.net_tom_sawyer_partisi_kisisel_gelisim_oykusu.jpg 640w, https:\/\/e-motivasyon.net\/wp-content\/uploads\/2019\/10\/e-motivasyon.net_tom_sawyer_partisi_kisisel_gelisim_oykusu-300x137.jpg 300w\" sizes=\"auto, (max-width: 723px) 100vw, 723px\" \/><\/a><\/p>\n<p data-start=\"85\" data-end=\"716\">Goethe bu s\u00f6z\u00fcyle insan eme\u011finin yaln\u0131zca fiziksel bir faaliyet olmad\u0131\u011f\u0131n\u0131, <strong data-start=\"301\" data-end=\"345\">anlam ve derinlik kazand\u0131k\u00e7a d\u00f6n\u00fc\u015ft\u00fc\u011f\u00fcn\u00fc<\/strong> anlat\u0131r. Yap\u0131lan i\u015f ayn\u0131 olabilir; fakat i\u015fe kat\u0131lan bilin\u00e7, niyet ve duygu farkl\u0131la\u015ft\u0131k\u00e7a ortaya \u00e7\u0131kan sonu\u00e7 da bamba\u015fka bir yere evrilir. Sadece el eme\u011fiyle yap\u0131lan i\u015f hayatta kalmay\u0131 sa\u011flar; ak\u0131l kat\u0131ld\u0131\u011f\u0131nda ustal\u0131k do\u011far. Ancak <strong data-start=\"579\" data-end=\"610\">y\u00fcrek i\u015fin i\u00e7ine girdi\u011finde<\/strong>, yap\u0131lan \u015fey bir g\u00f6rev olmaktan \u00e7\u0131kar, bir ifade bi\u00e7imine d\u00f6n\u00fc\u015f\u00fcr. \u0130\u015fte sanatk\u00e2rl\u0131k tam da burada ba\u015flar.<\/p>\n<p data-start=\"718\" data-end=\"1194\">Bu s\u00f6zden ilhamla g\u00fcnl\u00fck hayatta uygulayabilece\u011fimiz tek bir pratik \u00f6neri \u015fu olabilir: <strong data-start=\"805\" data-end=\"867\">Yapt\u0131\u011f\u0131n\u0131z i\u015fe her g\u00fcn k\u00fc\u00e7\u00fck bir \u201canlam dokunu\u015fu\u201d ekleyin.<\/strong> Bu bir \u00f6\u011fretmenseniz bir \u00f6\u011frencinin hayat\u0131na temas edecek ekstra bir c\u00fcmle, bir ebeveynseniz \u00e7ocu\u011funuzla kurdu\u011funuz bilin\u00e7li bir an, bir i\u015f insan\u0131ysan\u0131z i\u015finizi sadece sonu\u00e7 i\u00e7in de\u011fil <strong data-start=\"1053\" data-end=\"1067\">katk\u0131 i\u00e7in<\/strong> yapmak olabilir. Sormam\u0131z gereken soru basit: \u201cBen bu i\u015fe bug\u00fcn y\u00fcre\u011fimi nas\u0131l katabilirim?\u201d Cevap, i\u015fi de\u011fil bizi d\u00f6n\u00fc\u015ft\u00fcr\u00fcr.<\/p>\n<p data-start=\"1196\" data-end=\"1677\">\u00d6rne\u011fin ayn\u0131 yeme\u011fi pi\u015firen iki insan\u0131 d\u00fc\u015f\u00fcnelim. Biri sadece tarife uyar, di\u011feri ise pi\u015firirken kimin i\u00e7in yapt\u0131\u011f\u0131n\u0131 d\u00fc\u015f\u00fcn\u00fcr, sevgisini katar, \u00f6zen g\u00f6sterir. Ortaya \u00e7\u0131kan tat sadece damakta de\u011fil, <strong data-start=\"1394\" data-end=\"1417\">ruhta da iz b\u0131rak\u0131r<\/strong>. Goethe\u2019nin i\u015faret etti\u011fi ger\u00e7ek \u015fudur: <em data-start=\"1458\" data-end=\"1569\"><strong data-start=\"1459\" data-end=\"1568\">Ellerimizle yapt\u0131\u011f\u0131m\u0131z \u015feyler ge\u00e7icidir; ama ak\u0131l ve y\u00fcrekle yapt\u0131klar\u0131m\u0131z, bizi biz yapan izler b\u0131rak\u0131r.<\/strong><\/em> \u0130\u015fte bu y\u00fczden insan, yapt\u0131\u011f\u0131 i\u015fe ne kadar \u00e7ok y\u00fcre\u011fini katarsa, hayat da ona o kadar derin kar\u015f\u0131l\u0131k verir.<\/p>\n<hr data-start=\"1679\" data-end=\"1682\" \/>\n<h3 data-start=\"1684\" data-end=\"1722\">Johann Wolfgang von Goethe Kimdir?<\/h3>\n<hr data-start=\"1723\" data-end=\"1726\" \/>\n<p data-start=\"1728\" data-end=\"2167\" data-is-last-node=\"\" data-is-only-node=\"\">Johann Wolfgang von <strong data-start=\"1748\" data-end=\"1758\">Goethe<\/strong>, Alman edebiyat\u0131n\u0131n en b\u00fcy\u00fck isimlerinden biri olmas\u0131n\u0131n yan\u0131 s\u0131ra filozof, d\u00fc\u015f\u00fcn\u00fcr ve bilim insan\u0131d\u0131r. <em data-start=\"1863\" data-end=\"1870\">Faust<\/em> ba\u015fta olmak \u00fczere pek \u00e7ok eseriyle insan\u0131n i\u00e7 d\u00fcnyas\u0131n\u0131, \u00fcretme g\u00fcd\u00fcs\u00fcn\u00fc ve anlam aray\u0131\u015f\u0131n\u0131 derinlemesine ele alm\u0131\u015ft\u0131r. Goethe\u2019ye g\u00f6re insan\u0131 s\u0131radanl\u0131ktan \u00e7\u0131karan \u015fey yetenekten \u00e7ok, <strong data-start=\"2055\" data-end=\"2092\">bilin\u00e7li emek ve i\u00e7sel kat\u0131l\u0131md\u0131r<\/strong>. Bu yakla\u015f\u0131m, onun s\u00f6zlerini bug\u00fcn h\u00e2l\u00e2 ilham verici k\u0131lan temel nedendir.<\/p>\n<hr \/>\n<blockquote class=\"wp-embedded-content\" data-secret=\"c6NyiNEqK2\"><p><a href=\"https:\/\/e-motivasyon.net\/en\/insanlara-dair-sozler-ve-ozdeyisler.html\/\">\u0130nsanlara Dair \u00d6zl\u00fc S\u00f6zler ve \u00d6zdeyi\u015fler<\/a><\/p><\/blockquote>\n<p><iframe loading=\"lazy\" class=\"wp-embedded-content\" sandbox=\"allow-scripts\" security=\"restricted\" style=\"position: absolute; visibility: hidden;\" title=\"&#8220;\u0130nsanlara Dair \u00d6zl\u00fc S\u00f6zler ve \u00d6zdeyi\u015fler&#8221; &#8212; E-Motivasyon\" src=\"https:\/\/e-motivasyon.net\/insanlara-dair-sozler-ve-ozdeyisler.html\/embed#?secret=987pnWE1jC#?secret=c6NyiNEqK2\" data-secret=\"c6NyiNEqK2\" width=\"600\" height=\"338\" frameborder=\"0\" marginwidth=\"0\" marginheight=\"0\" scrolling=\"no\"><\/iframe><\/p>\n<blockquote class=\"wp-embedded-content\" data-secret=\"gT06A09Lf2\"><p><a href=\"https:\/\/e-motivasyon.net\/en\/sanat-ve-sanatciya-dair-en-iyi-ozlu-sozler.html\/\">Best Quotes About Art and Artists<\/a><\/p><\/blockquote>\n<p><iframe loading=\"lazy\" class=\"wp-embedded-content\" sandbox=\"allow-scripts\" security=\"restricted\" style=\"position: absolute; visibility: hidden;\" title=\"&#8220;Sanat ve Sanat\u00e7\u0131ya Dair En \u0130yi \u00d6zl\u00fc S\u00f6zler&#8221; &#8212; E-Motivasyon\" src=\"https:\/\/e-motivasyon.net\/sanat-ve-sanatciya-dair-en-iyi-ozlu-sozler.html\/embed#?secret=OhVTqDbPoB#?secret=gT06A09Lf2\" data-secret=\"gT06A09Lf2\" width=\"600\" height=\"338\" frameborder=\"0\" marginwidth=\"0\" marginheight=\"0\" scrolling=\"no\"><\/iframe><\/p>\n<p style=\"text-align: center;\"><a href=\"https:\/\/instagram.com\/e_motivasyon\" target=\"_blank\" rel=\"noopener\"><strong>instagram.com\/e_motivasyon<\/strong><\/a><\/p>\n<p>&nbsp;<\/p>","protected":false},"excerpt":{"rendered":"<p>&#8220;Elleriyle \u00e7al\u0131\u015fan insan i\u015f\u00e7idir. Elleri ve kafas\u0131yla \u00e7al\u0131\u015fan insan ustad\u0131r. Elleri, kafas\u0131 ve y\u00fcre\u011fi ile \u00e7al\u0131\u015fan [&hellip;]<\/p>\n","protected":false},"author":13786,"featured_media":0,"comment_status":"open","ping_status":"closed","sticky":false,"template":"","format":"standard","meta":{"footnotes":""},"categories":[556],"tags":[685],"class_list":["post-17464","post","type-post","status-publish","format-standard","hentry","category-insanlara-dair-ozlu-sozler","tag-goethe-ozlu-sozleri"],"yoast_head":"<!-- This site is optimized with the Yoast SEO plugin v27.0 - https:\/\/yoast.com\/product\/yoast-seo-wordpress\/ -->\n<title>&quot;Elleriyle \u00e7al\u0131\u015fan insan i\u015f\u00e7idir. Elleri ve kafas\u0131yla \u00e7al\u0131\u015fan insan ustad\u0131r. Elleri, kafas\u0131 ve y\u00fcre\u011fi ile \u00e7al\u0131\u015fan insan sanatkard\u0131r.&quot; Goethe | E-Motivasyon<\/title>\n<meta name=\"description\" content=\"&quot;Elleriyle \u00e7al\u0131\u015fan insan i\u015f\u00e7idir. Elleri ve kafas\u0131yla \u00e7al\u0131\u015fan insan ustad\u0131r. Elleri, kafas\u0131 ve y\u00fcre\u011fi ile \u00e7al\u0131\u015fan insan sanatkard\u0131r.&quot; Goethe\" \/>\n<meta name=\"robots\" content=\"index, follow, max-snippet:-1, max-image-preview:large, max-video-preview:-1\" \/>\n<link rel=\"canonical\" href=\"https:\/\/e-motivasyon.net\/en\/elleriyle-calisan-insan-iscidir-elleri-ve-kafasiyla-calisan-insan-ustadir-elleri-kafasi-ve-yuregi-ile-calisan-insan-sanatkardir-goethe.html\/\" \/>\n<meta property=\"og:locale\" content=\"en_GB\" \/>\n<meta property=\"og:type\" content=\"article\" \/>\n<meta property=\"og:title\" content=\"&quot;Elleriyle \u00e7al\u0131\u015fan insan i\u015f\u00e7idir. Elleri ve kafas\u0131yla \u00e7al\u0131\u015fan insan ustad\u0131r. Elleri, kafas\u0131 ve y\u00fcre\u011fi ile \u00e7al\u0131\u015fan insan sanatkard\u0131r.&quot; Goethe | E-Motivasyon\" \/>\n<meta property=\"og:description\" content=\"&quot;Elleriyle \u00e7al\u0131\u015fan insan i\u015f\u00e7idir. Elleri ve kafas\u0131yla \u00e7al\u0131\u015fan insan ustad\u0131r. Elleri, kafas\u0131 ve y\u00fcre\u011fi ile \u00e7al\u0131\u015fan insan sanatkard\u0131r.&quot; Goethe\" \/>\n<meta property=\"og:url\" content=\"https:\/\/e-motivasyon.net\/en\/elleriyle-calisan-insan-iscidir-elleri-ve-kafasiyla-calisan-insan-ustadir-elleri-kafasi-ve-yuregi-ile-calisan-insan-sanatkardir-goethe.html\/\" \/>\n<meta property=\"og:site_name\" content=\"E-Motivasyon\" \/>\n<meta property=\"article:publisher\" content=\"https:\/\/www.facebook.com\/emotivasyon\" \/>\n<meta property=\"article:author\" content=\"https:\/\/www.facebook.com\/emotivasyon\/\" \/>\n<meta property=\"article:published_time\" content=\"2015-11-03T23:16:13+00:00\" \/>\n<meta property=\"article:modified_time\" content=\"2026-02-07T09:28:01+00:00\" \/>\n<meta property=\"og:image\" content=\"https:\/\/e-motivasyon.net\/wp-content\/uploads\/2019\/10\/e-motivasyon.net_tom_sawyer_partisi_kisisel_gelisim_oykusu.jpg\" \/>\n\t<meta property=\"og:image:width\" content=\"640\" \/>\n\t<meta property=\"og:image:height\" content=\"292\" \/>\n\t<meta property=\"og:image:type\" content=\"image\/jpeg\" \/>\n<meta name=\"author\" content=\"E-Motivasyon\" \/>\n<meta name=\"twitter:card\" content=\"summary_large_image\" \/>\n<meta name=\"twitter:creator\" content=\"@emotivasyon\" \/>\n<meta name=\"twitter:site\" content=\"@emotivasyon\" \/>\n<meta name=\"twitter:label1\" content=\"Written by\" \/>\n\t<meta name=\"twitter:data1\" content=\"E-Motivasyon\" \/>\n\t<meta name=\"twitter:label2\" content=\"Estimated reading time\" \/>\n\t<meta name=\"twitter:data2\" content=\"2 minutes\" \/>\n<script type=\"application\/ld+json\" class=\"yoast-schema-graph\">{\"@context\":\"https:\/\/schema.org\",\"@graph\":[{\"@type\":\"Article\",\"@id\":\"https:\/\/e-motivasyon.net\/elleriyle-calisan-insan-iscidir-elleri-ve-kafasiyla-calisan-insan-ustadir-elleri-kafasi-ve-yuregi-ile-calisan-insan-sanatkardir-goethe.html#article\",\"isPartOf\":{\"@id\":\"https:\/\/e-motivasyon.net\/elleriyle-calisan-insan-iscidir-elleri-ve-kafasiyla-calisan-insan-ustadir-elleri-kafasi-ve-yuregi-ile-calisan-insan-sanatkardir-goethe.html\"},\"author\":{\"name\":\"E-Motivasyon\",\"@id\":\"https:\/\/e-motivasyon.net\/#\/schema\/person\/6abb0d3573b2924b2756f70b70156153\"},\"headline\":\"&#8220;Elleriyle \u00e7al\u0131\u015fan insan i\u015f\u00e7idir. Elleri ve kafas\u0131yla \u00e7al\u0131\u015fan insan ustad\u0131r. Elleri, kafas\u0131 ve y\u00fcre\u011fi ile \u00e7al\u0131\u015fan insan sanatkard\u0131r.&#8221; Goethe\",\"datePublished\":\"2015-11-03T23:16:13+00:00\",\"dateModified\":\"2026-02-07T09:28:01+00:00\",\"mainEntityOfPage\":{\"@id\":\"https:\/\/e-motivasyon.net\/elleriyle-calisan-insan-iscidir-elleri-ve-kafasiyla-calisan-insan-ustadir-elleri-kafasi-ve-yuregi-ile-calisan-insan-sanatkardir-goethe.html\"},\"wordCount\":483,\"commentCount\":0,\"publisher\":{\"@id\":\"https:\/\/e-motivasyon.net\/#organization\"},\"image\":{\"@id\":\"https:\/\/e-motivasyon.net\/elleriyle-calisan-insan-iscidir-elleri-ve-kafasiyla-calisan-insan-ustadir-elleri-kafasi-ve-yuregi-ile-calisan-insan-sanatkardir-goethe.html#primaryimage\"},\"thumbnailUrl\":\"https:\/\/e-motivasyon.net\/wp-content\/uploads\/2019\/10\/e-motivasyon.net_tom_sawyer_partisi_kisisel_gelisim_oykusu.jpg\",\"keywords\":[\"Goethe\"],\"articleSection\":[\"\u0130nsanlara Dair S\u00f6zler\"],\"inLanguage\":\"en-GB\",\"potentialAction\":[{\"@type\":\"CommentAction\",\"name\":\"Comment\",\"target\":[\"https:\/\/e-motivasyon.net\/elleriyle-calisan-insan-iscidir-elleri-ve-kafasiyla-calisan-insan-ustadir-elleri-kafasi-ve-yuregi-ile-calisan-insan-sanatkardir-goethe.html#respond\"]}]},{\"@type\":\"WebPage\",\"@id\":\"https:\/\/e-motivasyon.net\/elleriyle-calisan-insan-iscidir-elleri-ve-kafasiyla-calisan-insan-ustadir-elleri-kafasi-ve-yuregi-ile-calisan-insan-sanatkardir-goethe.html\",\"url\":\"https:\/\/e-motivasyon.net\/elleriyle-calisan-insan-iscidir-elleri-ve-kafasiyla-calisan-insan-ustadir-elleri-kafasi-ve-yuregi-ile-calisan-insan-sanatkardir-goethe.html\",\"name\":\"\\\"Elleriyle \u00e7al\u0131\u015fan insan i\u015f\u00e7idir. Elleri ve kafas\u0131yla \u00e7al\u0131\u015fan insan ustad\u0131r. Elleri, kafas\u0131 ve y\u00fcre\u011fi ile \u00e7al\u0131\u015fan insan sanatkard\u0131r.\\\" Goethe | E-Motivasyon\",\"isPartOf\":{\"@id\":\"https:\/\/e-motivasyon.net\/#website\"},\"primaryImageOfPage\":{\"@id\":\"https:\/\/e-motivasyon.net\/elleriyle-calisan-insan-iscidir-elleri-ve-kafasiyla-calisan-insan-ustadir-elleri-kafasi-ve-yuregi-ile-calisan-insan-sanatkardir-goethe.html#primaryimage\"},\"image\":{\"@id\":\"https:\/\/e-motivasyon.net\/elleriyle-calisan-insan-iscidir-elleri-ve-kafasiyla-calisan-insan-ustadir-elleri-kafasi-ve-yuregi-ile-calisan-insan-sanatkardir-goethe.html#primaryimage\"},\"thumbnailUrl\":\"https:\/\/e-motivasyon.net\/wp-content\/uploads\/2019\/10\/e-motivasyon.net_tom_sawyer_partisi_kisisel_gelisim_oykusu.jpg\",\"datePublished\":\"2015-11-03T23:16:13+00:00\",\"dateModified\":\"2026-02-07T09:28:01+00:00\",\"description\":\"\\\"Elleriyle \u00e7al\u0131\u015fan insan i\u015f\u00e7idir. Elleri ve kafas\u0131yla \u00e7al\u0131\u015fan insan ustad\u0131r. Elleri, kafas\u0131 ve y\u00fcre\u011fi ile \u00e7al\u0131\u015fan insan sanatkard\u0131r.\\\" Goethe\",\"breadcrumb\":{\"@id\":\"https:\/\/e-motivasyon.net\/elleriyle-calisan-insan-iscidir-elleri-ve-kafasiyla-calisan-insan-ustadir-elleri-kafasi-ve-yuregi-ile-calisan-insan-sanatkardir-goethe.html#breadcrumb\"},\"inLanguage\":\"en-GB\",\"potentialAction\":[{\"@type\":\"ReadAction\",\"target\":[\"https:\/\/e-motivasyon.net\/elleriyle-calisan-insan-iscidir-elleri-ve-kafasiyla-calisan-insan-ustadir-elleri-kafasi-ve-yuregi-ile-calisan-insan-sanatkardir-goethe.html\"]}]},{\"@type\":\"ImageObject\",\"inLanguage\":\"en-GB\",\"@id\":\"https:\/\/e-motivasyon.net\/elleriyle-calisan-insan-iscidir-elleri-ve-kafasiyla-calisan-insan-ustadir-elleri-kafasi-ve-yuregi-ile-calisan-insan-sanatkardir-goethe.html#primaryimage\",\"url\":\"https:\/\/e-motivasyon.net\/wp-content\/uploads\/2019\/10\/e-motivasyon.net_tom_sawyer_partisi_kisisel_gelisim_oykusu.jpg\",\"contentUrl\":\"https:\/\/e-motivasyon.net\/wp-content\/uploads\/2019\/10\/e-motivasyon.net_tom_sawyer_partisi_kisisel_gelisim_oykusu.jpg\"},{\"@type\":\"BreadcrumbList\",\"@id\":\"https:\/\/e-motivasyon.net\/elleriyle-calisan-insan-iscidir-elleri-ve-kafasiyla-calisan-insan-ustadir-elleri-kafasi-ve-yuregi-ile-calisan-insan-sanatkardir-goethe.html#breadcrumb\",\"itemListElement\":[{\"@type\":\"ListItem\",\"position\":1,\"name\":\"Ana Sayfa\",\"item\":\"https:\/\/e-motivasyon.net\/\"},{\"@type\":\"ListItem\",\"position\":2,\"name\":\"&#8220;Elleriyle \u00e7al\u0131\u015fan insan i\u015f\u00e7idir. Elleri ve kafas\u0131yla \u00e7al\u0131\u015fan insan ustad\u0131r. Elleri, kafas\u0131 ve y\u00fcre\u011fi ile \u00e7al\u0131\u015fan insan sanatkard\u0131r.&#8221; Goethe\"}]},{\"@type\":\"WebSite\",\"@id\":\"https:\/\/e-motivasyon.net\/#website\",\"url\":\"https:\/\/e-motivasyon.net\/\",\"name\":\"E-Motivasyon\",\"description\":\"Motivasyon Adresin\",\"publisher\":{\"@id\":\"https:\/\/e-motivasyon.net\/#organization\"},\"alternateName\":\"E-Motivasyon\",\"potentialAction\":[{\"@type\":\"SearchAction\",\"target\":{\"@type\":\"EntryPoint\",\"urlTemplate\":\"https:\/\/e-motivasyon.net\/?s={search_term_string}\"},\"query-input\":{\"@type\":\"PropertyValueSpecification\",\"valueRequired\":true,\"valueName\":\"search_term_string\"}}],\"inLanguage\":\"en-GB\"},{\"@type\":\"Organization\",\"@id\":\"https:\/\/e-motivasyon.net\/#organization\",\"name\":\"e-motivasyon.net\",\"alternateName\":\"E-Motivasyon\",\"url\":\"https:\/\/e-motivasyon.net\/\",\"logo\":{\"@type\":\"ImageObject\",\"inLanguage\":\"en-GB\",\"@id\":\"https:\/\/e-motivasyon.net\/#\/schema\/logo\/image\/\",\"url\":\"http:\/\/e-motivasyon.net\/wp-content\/uploads\/2015\/08\/e-motivasyon.net_.png\",\"contentUrl\":\"http:\/\/e-motivasyon.net\/wp-content\/uploads\/2015\/08\/e-motivasyon.net_.png\",\"width\":200,\"height\":200,\"caption\":\"e-motivasyon.net\"},\"image\":{\"@id\":\"https:\/\/e-motivasyon.net\/#\/schema\/logo\/image\/\"},\"sameAs\":[\"https:\/\/www.facebook.com\/emotivasyon\",\"https:\/\/x.com\/emotivasyon\"]},{\"@type\":\"Person\",\"@id\":\"https:\/\/e-motivasyon.net\/#\/schema\/person\/6abb0d3573b2924b2756f70b70156153\",\"name\":\"E-Motivasyon\",\"image\":{\"@type\":\"ImageObject\",\"inLanguage\":\"en-GB\",\"@id\":\"https:\/\/e-motivasyon.net\/#\/schema\/person\/image\/\",\"url\":\"https:\/\/secure.gravatar.com\/avatar\/e0f2162b1b5580c030e61aaa35cef0f7f661d0aa2c376c3f53d8cb3834c39eaa?s=96&d=mm&r=g\",\"contentUrl\":\"https:\/\/secure.gravatar.com\/avatar\/e0f2162b1b5580c030e61aaa35cef0f7f661d0aa2c376c3f53d8cb3834c39eaa?s=96&d=mm&r=g\",\"caption\":\"E-Motivasyon\"},\"description\":\"E-Motivasyon Edit\u00f6r\u00fc\",\"sameAs\":[\"http:\/\/e-motivasyon.net\",\"https:\/\/www.facebook.com\/emotivasyon\/\",\"https:\/\/www.instagram.com\/e_motivasyon\/\",\"https:\/\/linkedin.com\/company\/emotivasyon\",\"https:\/\/tr.pinterest.com\/emotivasyon\/\",\"https:\/\/x.com\/emotivasyon\",\"https:\/\/www.youtube.com\/user\/emotivasyon\"],\"url\":\"https:\/\/e-motivasyon.net\/en\/author\/emotivasyon\"}]}<\/script>\n<!-- \/ Yoast SEO plugin. -->","yoast_head_json":{"title":"\"Elleriyle \u00e7al\u0131\u015fan insan i\u015f\u00e7idir. Elleri ve kafas\u0131yla \u00e7al\u0131\u015fan insan ustad\u0131r. Elleri, kafas\u0131 ve y\u00fcre\u011fi ile \u00e7al\u0131\u015fan insan sanatkard\u0131r.\" Goethe | E-Motivasyon","description":"\"Elleriyle \u00e7al\u0131\u015fan insan i\u015f\u00e7idir. Elleri ve kafas\u0131yla \u00e7al\u0131\u015fan insan ustad\u0131r. Elleri, kafas\u0131 ve y\u00fcre\u011fi ile \u00e7al\u0131\u015fan insan sanatkard\u0131r.\" Goethe","robots":{"index":"index","follow":"follow","max-snippet":"max-snippet:-1","max-image-preview":"max-image-preview:large","max-video-preview":"max-video-preview:-1"},"canonical":"https:\/\/e-motivasyon.net\/en\/elleriyle-calisan-insan-iscidir-elleri-ve-kafasiyla-calisan-insan-ustadir-elleri-kafasi-ve-yuregi-ile-calisan-insan-sanatkardir-goethe.html\/","og_locale":"en_GB","og_type":"article","og_title":"\"Elleriyle \u00e7al\u0131\u015fan insan i\u015f\u00e7idir. Elleri ve kafas\u0131yla \u00e7al\u0131\u015fan insan ustad\u0131r. Elleri, kafas\u0131 ve y\u00fcre\u011fi ile \u00e7al\u0131\u015fan insan sanatkard\u0131r.\" Goethe | E-Motivasyon","og_description":"\"Elleriyle \u00e7al\u0131\u015fan insan i\u015f\u00e7idir. Elleri ve kafas\u0131yla \u00e7al\u0131\u015fan insan ustad\u0131r. Elleri, kafas\u0131 ve y\u00fcre\u011fi ile \u00e7al\u0131\u015fan insan sanatkard\u0131r.\" Goethe","og_url":"https:\/\/e-motivasyon.net\/en\/elleriyle-calisan-insan-iscidir-elleri-ve-kafasiyla-calisan-insan-ustadir-elleri-kafasi-ve-yuregi-ile-calisan-insan-sanatkardir-goethe.html\/","og_site_name":"E-Motivasyon","article_publisher":"https:\/\/www.facebook.com\/emotivasyon","article_author":"https:\/\/www.facebook.com\/emotivasyon\/","article_published_time":"2015-11-03T23:16:13+00:00","article_modified_time":"2026-02-07T09:28:01+00:00","og_image":[{"width":640,"height":292,"url":"https:\/\/e-motivasyon.net\/wp-content\/uploads\/2019\/10\/e-motivasyon.net_tom_sawyer_partisi_kisisel_gelisim_oykusu.jpg","type":"image\/jpeg"}],"author":"E-Motivasyon","twitter_card":"summary_large_image","twitter_creator":"@emotivasyon","twitter_site":"@emotivasyon","twitter_misc":{"Written by":"E-Motivasyon","Estimated reading time":"2 minutes"},"schema":{"@context":"https:\/\/schema.org","@graph":[{"@type":"Article","@id":"https:\/\/e-motivasyon.net\/elleriyle-calisan-insan-iscidir-elleri-ve-kafasiyla-calisan-insan-ustadir-elleri-kafasi-ve-yuregi-ile-calisan-insan-sanatkardir-goethe.html#article","isPartOf":{"@id":"https:\/\/e-motivasyon.net\/elleriyle-calisan-insan-iscidir-elleri-ve-kafasiyla-calisan-insan-ustadir-elleri-kafasi-ve-yuregi-ile-calisan-insan-sanatkardir-goethe.html"},"author":{"name":"E-Motivasyon","@id":"https:\/\/e-motivasyon.net\/#\/schema\/person\/6abb0d3573b2924b2756f70b70156153"},"headline":"&#8220;Elleriyle \u00e7al\u0131\u015fan insan i\u015f\u00e7idir. Elleri ve kafas\u0131yla \u00e7al\u0131\u015fan insan ustad\u0131r. Elleri, kafas\u0131 ve y\u00fcre\u011fi ile \u00e7al\u0131\u015fan insan sanatkard\u0131r.&#8221; Goethe","datePublished":"2015-11-03T23:16:13+00:00","dateModified":"2026-02-07T09:28:01+00:00","mainEntityOfPage":{"@id":"https:\/\/e-motivasyon.net\/elleriyle-calisan-insan-iscidir-elleri-ve-kafasiyla-calisan-insan-ustadir-elleri-kafasi-ve-yuregi-ile-calisan-insan-sanatkardir-goethe.html"},"wordCount":483,"commentCount":0,"publisher":{"@id":"https:\/\/e-motivasyon.net\/#organization"},"image":{"@id":"https:\/\/e-motivasyon.net\/elleriyle-calisan-insan-iscidir-elleri-ve-kafasiyla-calisan-insan-ustadir-elleri-kafasi-ve-yuregi-ile-calisan-insan-sanatkardir-goethe.html#primaryimage"},"thumbnailUrl":"https:\/\/e-motivasyon.net\/wp-content\/uploads\/2019\/10\/e-motivasyon.net_tom_sawyer_partisi_kisisel_gelisim_oykusu.jpg","keywords":["Goethe"],"articleSection":["\u0130nsanlara Dair S\u00f6zler"],"inLanguage":"en-GB","potentialAction":[{"@type":"CommentAction","name":"Comment","target":["https:\/\/e-motivasyon.net\/elleriyle-calisan-insan-iscidir-elleri-ve-kafasiyla-calisan-insan-ustadir-elleri-kafasi-ve-yuregi-ile-calisan-insan-sanatkardir-goethe.html#respond"]}]},{"@type":"WebPage","@id":"https:\/\/e-motivasyon.net\/elleriyle-calisan-insan-iscidir-elleri-ve-kafasiyla-calisan-insan-ustadir-elleri-kafasi-ve-yuregi-ile-calisan-insan-sanatkardir-goethe.html","url":"https:\/\/e-motivasyon.net\/elleriyle-calisan-insan-iscidir-elleri-ve-kafasiyla-calisan-insan-ustadir-elleri-kafasi-ve-yuregi-ile-calisan-insan-sanatkardir-goethe.html","name":"\"Elleriyle \u00e7al\u0131\u015fan insan i\u015f\u00e7idir. Elleri ve kafas\u0131yla \u00e7al\u0131\u015fan insan ustad\u0131r. Elleri, kafas\u0131 ve y\u00fcre\u011fi ile \u00e7al\u0131\u015fan insan sanatkard\u0131r.\" Goethe | E-Motivasyon","isPartOf":{"@id":"https:\/\/e-motivasyon.net\/#website"},"primaryImageOfPage":{"@id":"https:\/\/e-motivasyon.net\/elleriyle-calisan-insan-iscidir-elleri-ve-kafasiyla-calisan-insan-ustadir-elleri-kafasi-ve-yuregi-ile-calisan-insan-sanatkardir-goethe.html#primaryimage"},"image":{"@id":"https:\/\/e-motivasyon.net\/elleriyle-calisan-insan-iscidir-elleri-ve-kafasiyla-calisan-insan-ustadir-elleri-kafasi-ve-yuregi-ile-calisan-insan-sanatkardir-goethe.html#primaryimage"},"thumbnailUrl":"https:\/\/e-motivasyon.net\/wp-content\/uploads\/2019\/10\/e-motivasyon.net_tom_sawyer_partisi_kisisel_gelisim_oykusu.jpg","datePublished":"2015-11-03T23:16:13+00:00","dateModified":"2026-02-07T09:28:01+00:00","description":"\"Elleriyle \u00e7al\u0131\u015fan insan i\u015f\u00e7idir. Elleri ve kafas\u0131yla \u00e7al\u0131\u015fan insan ustad\u0131r. Elleri, kafas\u0131 ve y\u00fcre\u011fi ile \u00e7al\u0131\u015fan insan sanatkard\u0131r.\" Goethe","breadcrumb":{"@id":"https:\/\/e-motivasyon.net\/elleriyle-calisan-insan-iscidir-elleri-ve-kafasiyla-calisan-insan-ustadir-elleri-kafasi-ve-yuregi-ile-calisan-insan-sanatkardir-goethe.html#breadcrumb"},"inLanguage":"en-GB","potentialAction":[{"@type":"ReadAction","target":["https:\/\/e-motivasyon.net\/elleriyle-calisan-insan-iscidir-elleri-ve-kafasiyla-calisan-insan-ustadir-elleri-kafasi-ve-yuregi-ile-calisan-insan-sanatkardir-goethe.html"]}]},{"@type":"ImageObject","inLanguage":"en-GB","@id":"https:\/\/e-motivasyon.net\/elleriyle-calisan-insan-iscidir-elleri-ve-kafasiyla-calisan-insan-ustadir-elleri-kafasi-ve-yuregi-ile-calisan-insan-sanatkardir-goethe.html#primaryimage","url":"https:\/\/e-motivasyon.net\/wp-content\/uploads\/2019\/10\/e-motivasyon.net_tom_sawyer_partisi_kisisel_gelisim_oykusu.jpg","contentUrl":"https:\/\/e-motivasyon.net\/wp-content\/uploads\/2019\/10\/e-motivasyon.net_tom_sawyer_partisi_kisisel_gelisim_oykusu.jpg"},{"@type":"BreadcrumbList","@id":"https:\/\/e-motivasyon.net\/elleriyle-calisan-insan-iscidir-elleri-ve-kafasiyla-calisan-insan-ustadir-elleri-kafasi-ve-yuregi-ile-calisan-insan-sanatkardir-goethe.html#breadcrumb","itemListElement":[{"@type":"ListItem","position":1,"name":"Ana Sayfa","item":"https:\/\/e-motivasyon.net\/"},{"@type":"ListItem","position":2,"name":"&#8220;Elleriyle \u00e7al\u0131\u015fan insan i\u015f\u00e7idir. Elleri ve kafas\u0131yla \u00e7al\u0131\u015fan insan ustad\u0131r. Elleri, kafas\u0131 ve y\u00fcre\u011fi ile \u00e7al\u0131\u015fan insan sanatkard\u0131r.&#8221; Goethe"}]},{"@type":"WebSite","@id":"https:\/\/e-motivasyon.net\/#website","url":"https:\/\/e-motivasyon.net\/","name":"E-Motivation","description":"Motivasyon Adresin","publisher":{"@id":"https:\/\/e-motivasyon.net\/#organization"},"alternateName":"E-Motivasyon","potentialAction":[{"@type":"SearchAction","target":{"@type":"EntryPoint","urlTemplate":"https:\/\/e-motivasyon.net\/?s={search_term_string}"},"query-input":{"@type":"PropertyValueSpecification","valueRequired":true,"valueName":"search_term_string"}}],"inLanguage":"en-GB"},{"@type":"Organization","@id":"https:\/\/e-motivasyon.net\/#organization","name":"e-motivation.net","alternateName":"E-Motivasyon","url":"https:\/\/e-motivasyon.net\/","logo":{"@type":"ImageObject","inLanguage":"en-GB","@id":"https:\/\/e-motivasyon.net\/#\/schema\/logo\/image\/","url":"http:\/\/e-motivasyon.net\/wp-content\/uploads\/2015\/08\/e-motivasyon.net_.png","contentUrl":"http:\/\/e-motivasyon.net\/wp-content\/uploads\/2015\/08\/e-motivasyon.net_.png","width":200,"height":200,"caption":"e-motivasyon.net"},"image":{"@id":"https:\/\/e-motivasyon.net\/#\/schema\/logo\/image\/"},"sameAs":["https:\/\/www.facebook.com\/emotivasyon","https:\/\/x.com\/emotivasyon"]},{"@type":"Person","@id":"https:\/\/e-motivasyon.net\/#\/schema\/person\/6abb0d3573b2924b2756f70b70156153","name":"E-Motivation","image":{"@type":"ImageObject","inLanguage":"en-GB","@id":"https:\/\/e-motivasyon.net\/#\/schema\/person\/image\/","url":"https:\/\/secure.gravatar.com\/avatar\/e0f2162b1b5580c030e61aaa35cef0f7f661d0aa2c376c3f53d8cb3834c39eaa?s=96&d=mm&r=g","contentUrl":"https:\/\/secure.gravatar.com\/avatar\/e0f2162b1b5580c030e61aaa35cef0f7f661d0aa2c376c3f53d8cb3834c39eaa?s=96&d=mm&r=g","caption":"E-Motivasyon"},"description":"E-Motivasyon Edit\u00f6r\u00fc","sameAs":["http:\/\/e-motivasyon.net","https:\/\/www.facebook.com\/emotivasyon\/","https:\/\/www.instagram.com\/e_motivasyon\/","https:\/\/linkedin.com\/company\/emotivasyon","https:\/\/tr.pinterest.com\/emotivasyon\/","https:\/\/x.com\/emotivasyon","https:\/\/www.youtube.com\/user\/emotivasyon"],"url":"https:\/\/e-motivasyon.net\/en\/author\/emotivasyon"}]}},"_links":{"self":[{"href":"https:\/\/e-motivasyon.net\/en\/wp-json\/wp\/v2\/posts\/17464","targetHints":{"allow":["GET"]}}],"collection":[{"href":"https:\/\/e-motivasyon.net\/en\/wp-json\/wp\/v2\/posts"}],"about":[{"href":"https:\/\/e-motivasyon.net\/en\/wp-json\/wp\/v2\/types\/post"}],"author":[{"embeddable":true,"href":"https:\/\/e-motivasyon.net\/en\/wp-json\/wp\/v2\/users\/13786"}],"replies":[{"embeddable":true,"href":"https:\/\/e-motivasyon.net\/en\/wp-json\/wp\/v2\/comments?post=17464"}],"version-history":[{"count":0,"href":"https:\/\/e-motivasyon.net\/en\/wp-json\/wp\/v2\/posts\/17464\/revisions"}],"wp:attachment":[{"href":"https:\/\/e-motivasyon.net\/en\/wp-json\/wp\/v2\/media?parent=17464"}],"wp:term":[{"taxonomy":"category","embeddable":true,"href":"https:\/\/e-motivasyon.net\/en\/wp-json\/wp\/v2\/categories?post=17464"},{"taxonomy":"post_tag","embeddable":true,"href":"https:\/\/e-motivasyon.net\/en\/wp-json\/wp\/v2\/tags?post=17464"}],"curies":[{"name":"wp","href":"https:\/\/api.w.org\/{rel}","templated":true}]}}