{"id":13780,"date":"2019-02-16T00:56:38","date_gmt":"2019-02-16T00:56:38","guid":{"rendered":"http:\/\/www.ozdeyis.net\/?p=616"},"modified":"2026-01-03T19:37:54","modified_gmt":"2026-01-03T19:37:54","slug":"tum-cicekleri-kopartabilirler-ama-yine-de-baharin-gelmesini-asla-engelleyemezler-pablo-neruda","status":"publish","type":"post","link":"https:\/\/e-motivasyon.net\/en\/tum-cicekleri-kopartabilirler-ama-yine-de-baharin-gelmesini-asla-engelleyemezler-pablo-neruda.html","title":{"rendered":"\u201cThey can pluck all the flowers; but still they can never stop spring from coming.\u201d Pablo Neruda"},"content":{"rendered":"<p style=\"text-align: center;\"><em><strong>\u201cThey can pluck all the flowers; but still they can never stop spring from coming.\u201d Pablo Neruda<\/strong><\/em><\/p>\n<p><a href=\"http:\/\/e-motivasyon.net\/wp-content\/uploads\/2014\/10\/e-motivasyon.net_ozdeyis.net_resimli_ozlu_sozler_pablo_neruda_sozleri.jpg\"><img loading=\"lazy\" decoding=\"async\" class=\"wp-image-35571 aligncenter\" src=\"http:\/\/e-motivasyon.net\/wp-content\/uploads\/2014\/10\/e-motivasyon.net_ozdeyis.net_resimli_ozlu_sozler_pablo_neruda_sozleri.jpg\" alt=\"\" width=\"500\" height=\"500\" srcset=\"https:\/\/e-motivasyon.net\/wp-content\/uploads\/2014\/10\/e-motivasyon.net_ozdeyis.net_resimli_ozlu_sozler_pablo_neruda_sozleri.jpg 600w, https:\/\/e-motivasyon.net\/wp-content\/uploads\/2014\/10\/e-motivasyon.net_ozdeyis.net_resimli_ozlu_sozler_pablo_neruda_sozleri-150x150.jpg 150w, https:\/\/e-motivasyon.net\/wp-content\/uploads\/2014\/10\/e-motivasyon.net_ozdeyis.net_resimli_ozlu_sozler_pablo_neruda_sozleri-300x300.jpg 300w, https:\/\/e-motivasyon.net\/wp-content\/uploads\/2014\/10\/e-motivasyon.net_ozdeyis.net_resimli_ozlu_sozler_pablo_neruda_sozleri-160x160.jpg 160w, https:\/\/e-motivasyon.net\/wp-content\/uploads\/2014\/10\/e-motivasyon.net_ozdeyis.net_resimli_ozlu_sozler_pablo_neruda_sozleri-320x320.jpg 320w\" sizes=\"auto, (max-width: 500px) 100vw, 500px\" \/><\/a><\/p>\n<hr \/>\n<blockquote class=\"wp-embedded-content\" data-secret=\"RbjjfZEsch\"><p><a href=\"https:\/\/e-motivasyon.net\/en\/umut-sozleri.html\/\">En \u0130yi Umut S\u00f6zleri<\/a><\/p><\/blockquote>\n<p><iframe loading=\"lazy\" class=\"wp-embedded-content\" sandbox=\"allow-scripts\" security=\"restricted\" style=\"position: absolute; visibility: hidden;\" title=\"&#8220;En \u0130yi Umut S\u00f6zleri&#8221; &#8212; E-Motivasyon\" src=\"https:\/\/e-motivasyon.net\/umut-sozleri.html\/embed#?secret=np4zeYgCWZ#?secret=RbjjfZEsch\" data-secret=\"RbjjfZEsch\" width=\"600\" height=\"338\" frameborder=\"0\" marginwidth=\"0\" marginheight=\"0\" scrolling=\"no\"><\/iframe><\/p>\n<p>&nbsp;<\/p>","protected":false},"excerpt":{"rendered":"<p>&#8220;T\u00fcm \u00e7i\u00e7ekleri kopartabilirler; ama yine de bahar\u0131n gelmesini asla engelleyemezler.&#8221; Pablo Neruda En \u0130yi Umut S\u00f6zleri [&hellip;]<\/p>\n","protected":false},"author":13538,"featured_media":35571,"comment_status":"open","ping_status":"closed","sticky":false,"template":"","format":"standard","meta":{"footnotes":""},"categories":[2922,561,746,602],"tags":[749],"class_list":["post-13780","post","type-post","status-publish","format-standard","has-post-thumbnail","hentry","category-gunun-sozleri","category-resimli-ozlu-sozler","category-sabretmek-sozleri","category-umut-umut-etmek-umit-etmek-ozlu-sozleri","tag-pablo-neruda-ozlu-sozleri"],"yoast_head":"<!-- This site is optimized with the Yoast SEO plugin v27.0 - https:\/\/yoast.com\/product\/yoast-seo-wordpress\/ -->\n<title>&quot;T\u00fcm \u00e7i\u00e7ekleri kopartabilirler; ama yine de bahar\u0131n gelmesini asla engelleyemezler.&quot; Pablo Neruda | E-Motivasyon<\/title>\n<meta name=\"description\" content=\"&quot;T\u00fcm \u00e7i\u00e7ekleri kopartabilirler; ama yine de bahar\u0131n gelmesini asla engelleyemezler.&quot; Pablo Neruda s\u00f6zleri...\" \/>\n<meta name=\"robots\" content=\"index, follow, max-snippet:-1, max-image-preview:large, max-video-preview:-1\" \/>\n<link rel=\"canonical\" href=\"https:\/\/e-motivasyon.net\/en\/tum-cicekleri-kopartabilirler-ama-yine-de-baharin-gelmesini-asla-engelleyemezler-pablo-neruda.html\/\" \/>\n<meta property=\"og:locale\" content=\"en_GB\" \/>\n<meta property=\"og:type\" content=\"article\" \/>\n<meta property=\"og:title\" content=\"&quot;T\u00fcm \u00e7i\u00e7ekleri kopartabilirler; ama yine de bahar\u0131n gelmesini asla engelleyemezler.&quot; Pablo Neruda | E-Motivasyon\" \/>\n<meta property=\"og:description\" content=\"&quot;T\u00fcm \u00e7i\u00e7ekleri kopartabilirler; ama yine de bahar\u0131n gelmesini asla engelleyemezler.&quot; Pablo Neruda s\u00f6zleri...\" \/>\n<meta property=\"og:url\" content=\"https:\/\/e-motivasyon.net\/en\/tum-cicekleri-kopartabilirler-ama-yine-de-baharin-gelmesini-asla-engelleyemezler-pablo-neruda.html\/\" \/>\n<meta property=\"og:site_name\" content=\"E-Motivasyon\" \/>\n<meta property=\"article:publisher\" content=\"https:\/\/www.facebook.com\/emotivasyon\" \/>\n<meta property=\"article:published_time\" content=\"2019-02-16T00:56:38+00:00\" \/>\n<meta property=\"article:modified_time\" content=\"2026-01-03T19:37:54+00:00\" \/>\n<meta property=\"og:image\" content=\"https:\/\/e-motivasyon.net\/wp-content\/uploads\/2014\/10\/e-motivasyon.net_ozdeyis.net_resimli_ozlu_sozler_pablo_neruda_sozleri.jpg\" \/>\n\t<meta property=\"og:image:width\" content=\"600\" \/>\n\t<meta property=\"og:image:height\" content=\"600\" \/>\n\t<meta property=\"og:image:type\" content=\"image\/jpeg\" \/>\n<meta name=\"author\" content=\"\u00d6zdeyi\u015f.Net\" \/>\n<meta name=\"twitter:card\" content=\"summary_large_image\" \/>\n<meta name=\"twitter:creator\" content=\"@emotivasyon\" \/>\n<meta name=\"twitter:site\" content=\"@emotivasyon\" \/>\n<meta name=\"twitter:label1\" content=\"Written by\" \/>\n\t<meta name=\"twitter:data1\" content=\"\u00d6zdeyi\u015f.Net\" \/>\n<script type=\"application\/ld+json\" class=\"yoast-schema-graph\">{\"@context\":\"https:\/\/schema.org\",\"@graph\":[{\"@type\":\"Article\",\"@id\":\"https:\/\/e-motivasyon.net\/tum-cicekleri-kopartabilirler-ama-yine-de-baharin-gelmesini-asla-engelleyemezler-pablo-neruda.html#article\",\"isPartOf\":{\"@id\":\"https:\/\/e-motivasyon.net\/tum-cicekleri-kopartabilirler-ama-yine-de-baharin-gelmesini-asla-engelleyemezler-pablo-neruda.html\"},\"author\":{\"name\":\"\u00d6zdeyi\u015f.Net\",\"@id\":\"https:\/\/e-motivasyon.net\/#\/schema\/person\/04a8a45f6df4bb11e3a7aeb41500c0a5\"},\"headline\":\"&#8220;T\u00fcm \u00e7i\u00e7ekleri kopartabilirler; ama yine de bahar\u0131n gelmesini asla engelleyemezler.&#8221; Pablo Neruda\",\"datePublished\":\"2019-02-16T00:56:38+00:00\",\"dateModified\":\"2026-01-03T19:37:54+00:00\",\"mainEntityOfPage\":{\"@id\":\"https:\/\/e-motivasyon.net\/tum-cicekleri-kopartabilirler-ama-yine-de-baharin-gelmesini-asla-engelleyemezler-pablo-neruda.html\"},\"wordCount\":36,\"commentCount\":0,\"publisher\":{\"@id\":\"https:\/\/e-motivasyon.net\/#organization\"},\"image\":{\"@id\":\"https:\/\/e-motivasyon.net\/tum-cicekleri-kopartabilirler-ama-yine-de-baharin-gelmesini-asla-engelleyemezler-pablo-neruda.html#primaryimage\"},\"thumbnailUrl\":\"https:\/\/e-motivasyon.net\/wp-content\/uploads\/2014\/10\/e-motivasyon.net_ozdeyis.net_resimli_ozlu_sozler_pablo_neruda_sozleri.jpg\",\"keywords\":[\"Pablo Neruda\"],\"articleSection\":[\"G\u00fcn\u00fcn S\u00f6zleri\",\"Resimli \u00d6zl\u00fc S\u00f6zler\",\"Sabretmek S\u00f6zleri\",\"Umut S\u00f6zleri\"],\"inLanguage\":\"en-GB\",\"potentialAction\":[{\"@type\":\"CommentAction\",\"name\":\"Comment\",\"target\":[\"https:\/\/e-motivasyon.net\/tum-cicekleri-kopartabilirler-ama-yine-de-baharin-gelmesini-asla-engelleyemezler-pablo-neruda.html#respond\"]}]},{\"@type\":\"WebPage\",\"@id\":\"https:\/\/e-motivasyon.net\/tum-cicekleri-kopartabilirler-ama-yine-de-baharin-gelmesini-asla-engelleyemezler-pablo-neruda.html\",\"url\":\"https:\/\/e-motivasyon.net\/tum-cicekleri-kopartabilirler-ama-yine-de-baharin-gelmesini-asla-engelleyemezler-pablo-neruda.html\",\"name\":\"\\\"T\u00fcm \u00e7i\u00e7ekleri kopartabilirler; ama yine de bahar\u0131n gelmesini asla engelleyemezler.\\\" Pablo Neruda | E-Motivasyon\",\"isPartOf\":{\"@id\":\"https:\/\/e-motivasyon.net\/#website\"},\"primaryImageOfPage\":{\"@id\":\"https:\/\/e-motivasyon.net\/tum-cicekleri-kopartabilirler-ama-yine-de-baharin-gelmesini-asla-engelleyemezler-pablo-neruda.html#primaryimage\"},\"image\":{\"@id\":\"https:\/\/e-motivasyon.net\/tum-cicekleri-kopartabilirler-ama-yine-de-baharin-gelmesini-asla-engelleyemezler-pablo-neruda.html#primaryimage\"},\"thumbnailUrl\":\"https:\/\/e-motivasyon.net\/wp-content\/uploads\/2014\/10\/e-motivasyon.net_ozdeyis.net_resimli_ozlu_sozler_pablo_neruda_sozleri.jpg\",\"datePublished\":\"2019-02-16T00:56:38+00:00\",\"dateModified\":\"2026-01-03T19:37:54+00:00\",\"description\":\"\\\"T\u00fcm \u00e7i\u00e7ekleri kopartabilirler; ama yine de bahar\u0131n gelmesini asla engelleyemezler.\\\" Pablo Neruda s\u00f6zleri...\",\"breadcrumb\":{\"@id\":\"https:\/\/e-motivasyon.net\/tum-cicekleri-kopartabilirler-ama-yine-de-baharin-gelmesini-asla-engelleyemezler-pablo-neruda.html#breadcrumb\"},\"inLanguage\":\"en-GB\",\"potentialAction\":[{\"@type\":\"ReadAction\",\"target\":[\"https:\/\/e-motivasyon.net\/tum-cicekleri-kopartabilirler-ama-yine-de-baharin-gelmesini-asla-engelleyemezler-pablo-neruda.html\"]}]},{\"@type\":\"ImageObject\",\"inLanguage\":\"en-GB\",\"@id\":\"https:\/\/e-motivasyon.net\/tum-cicekleri-kopartabilirler-ama-yine-de-baharin-gelmesini-asla-engelleyemezler-pablo-neruda.html#primaryimage\",\"url\":\"https:\/\/e-motivasyon.net\/wp-content\/uploads\/2014\/10\/e-motivasyon.net_ozdeyis.net_resimli_ozlu_sozler_pablo_neruda_sozleri.jpg\",\"contentUrl\":\"https:\/\/e-motivasyon.net\/wp-content\/uploads\/2014\/10\/e-motivasyon.net_ozdeyis.net_resimli_ozlu_sozler_pablo_neruda_sozleri.jpg\",\"width\":600,\"height\":600},{\"@type\":\"BreadcrumbList\",\"@id\":\"https:\/\/e-motivasyon.net\/tum-cicekleri-kopartabilirler-ama-yine-de-baharin-gelmesini-asla-engelleyemezler-pablo-neruda.html#breadcrumb\",\"itemListElement\":[{\"@type\":\"ListItem\",\"position\":1,\"name\":\"Ana Sayfa\",\"item\":\"https:\/\/e-motivasyon.net\/\"},{\"@type\":\"ListItem\",\"position\":2,\"name\":\"&#8220;T\u00fcm \u00e7i\u00e7ekleri kopartabilirler; ama yine de bahar\u0131n gelmesini asla engelleyemezler.&#8221; Pablo Neruda\"}]},{\"@type\":\"WebSite\",\"@id\":\"https:\/\/e-motivasyon.net\/#website\",\"url\":\"https:\/\/e-motivasyon.net\/\",\"name\":\"E-Motivasyon\",\"description\":\"Motivasyon Adresin\",\"publisher\":{\"@id\":\"https:\/\/e-motivasyon.net\/#organization\"},\"alternateName\":\"E-Motivasyon\",\"potentialAction\":[{\"@type\":\"SearchAction\",\"target\":{\"@type\":\"EntryPoint\",\"urlTemplate\":\"https:\/\/e-motivasyon.net\/?s={search_term_string}\"},\"query-input\":{\"@type\":\"PropertyValueSpecification\",\"valueRequired\":true,\"valueName\":\"search_term_string\"}}],\"inLanguage\":\"en-GB\"},{\"@type\":\"Organization\",\"@id\":\"https:\/\/e-motivasyon.net\/#organization\",\"name\":\"e-motivasyon.net\",\"alternateName\":\"E-Motivasyon\",\"url\":\"https:\/\/e-motivasyon.net\/\",\"logo\":{\"@type\":\"ImageObject\",\"inLanguage\":\"en-GB\",\"@id\":\"https:\/\/e-motivasyon.net\/#\/schema\/logo\/image\/\",\"url\":\"http:\/\/e-motivasyon.net\/wp-content\/uploads\/2015\/08\/e-motivasyon.net_.png\",\"contentUrl\":\"http:\/\/e-motivasyon.net\/wp-content\/uploads\/2015\/08\/e-motivasyon.net_.png\",\"width\":200,\"height\":200,\"caption\":\"e-motivasyon.net\"},\"image\":{\"@id\":\"https:\/\/e-motivasyon.net\/#\/schema\/logo\/image\/\"},\"sameAs\":[\"https:\/\/www.facebook.com\/emotivasyon\",\"https:\/\/x.com\/emotivasyon\"]},{\"@type\":\"Person\",\"@id\":\"https:\/\/e-motivasyon.net\/#\/schema\/person\/04a8a45f6df4bb11e3a7aeb41500c0a5\",\"name\":\"\u00d6zdeyi\u015f.Net\",\"image\":{\"@type\":\"ImageObject\",\"inLanguage\":\"en-GB\",\"@id\":\"https:\/\/e-motivasyon.net\/#\/schema\/person\/image\/\",\"url\":\"https:\/\/secure.gravatar.com\/avatar\/12f18ac7cbf1382f6e01ac7a35860273b67eedaeb965abfd2adba980e1f9c198?s=96&d=mm&r=g\",\"contentUrl\":\"https:\/\/secure.gravatar.com\/avatar\/12f18ac7cbf1382f6e01ac7a35860273b67eedaeb965abfd2adba980e1f9c198?s=96&d=mm&r=g\",\"caption\":\"\u00d6zdeyi\u015f.Net\"},\"url\":\"https:\/\/e-motivasyon.net\/en\/author\/ozdeyis\"}]}<\/script>\n<!-- \/ Yoast SEO plugin. -->","yoast_head_json":{"title":"\"T\u00fcm \u00e7i\u00e7ekleri kopartabilirler; ama yine de bahar\u0131n gelmesini asla engelleyemezler.\" Pablo Neruda | E-Motivasyon","description":"\"T\u00fcm \u00e7i\u00e7ekleri kopartabilirler; ama yine de bahar\u0131n gelmesini asla engelleyemezler.\" Pablo Neruda s\u00f6zleri...","robots":{"index":"index","follow":"follow","max-snippet":"max-snippet:-1","max-image-preview":"max-image-preview:large","max-video-preview":"max-video-preview:-1"},"canonical":"https:\/\/e-motivasyon.net\/en\/tum-cicekleri-kopartabilirler-ama-yine-de-baharin-gelmesini-asla-engelleyemezler-pablo-neruda.html\/","og_locale":"en_GB","og_type":"article","og_title":"\"T\u00fcm \u00e7i\u00e7ekleri kopartabilirler; ama yine de bahar\u0131n gelmesini asla engelleyemezler.\" Pablo Neruda | E-Motivasyon","og_description":"\"T\u00fcm \u00e7i\u00e7ekleri kopartabilirler; ama yine de bahar\u0131n gelmesini asla engelleyemezler.\" Pablo Neruda s\u00f6zleri...","og_url":"https:\/\/e-motivasyon.net\/en\/tum-cicekleri-kopartabilirler-ama-yine-de-baharin-gelmesini-asla-engelleyemezler-pablo-neruda.html\/","og_site_name":"E-Motivasyon","article_publisher":"https:\/\/www.facebook.com\/emotivasyon","article_published_time":"2019-02-16T00:56:38+00:00","article_modified_time":"2026-01-03T19:37:54+00:00","og_image":[{"width":600,"height":600,"url":"https:\/\/e-motivasyon.net\/wp-content\/uploads\/2014\/10\/e-motivasyon.net_ozdeyis.net_resimli_ozlu_sozler_pablo_neruda_sozleri.jpg","type":"image\/jpeg"}],"author":"\u00d6zdeyi\u015f.Net","twitter_card":"summary_large_image","twitter_creator":"@emotivasyon","twitter_site":"@emotivasyon","twitter_misc":{"Written by":"\u00d6zdeyi\u015f.Net"},"schema":{"@context":"https:\/\/schema.org","@graph":[{"@type":"Article","@id":"https:\/\/e-motivasyon.net\/tum-cicekleri-kopartabilirler-ama-yine-de-baharin-gelmesini-asla-engelleyemezler-pablo-neruda.html#article","isPartOf":{"@id":"https:\/\/e-motivasyon.net\/tum-cicekleri-kopartabilirler-ama-yine-de-baharin-gelmesini-asla-engelleyemezler-pablo-neruda.html"},"author":{"name":"\u00d6zdeyi\u015f.Net","@id":"https:\/\/e-motivasyon.net\/#\/schema\/person\/04a8a45f6df4bb11e3a7aeb41500c0a5"},"headline":"&#8220;T\u00fcm \u00e7i\u00e7ekleri kopartabilirler; ama yine de bahar\u0131n gelmesini asla engelleyemezler.&#8221; Pablo Neruda","datePublished":"2019-02-16T00:56:38+00:00","dateModified":"2026-01-03T19:37:54+00:00","mainEntityOfPage":{"@id":"https:\/\/e-motivasyon.net\/tum-cicekleri-kopartabilirler-ama-yine-de-baharin-gelmesini-asla-engelleyemezler-pablo-neruda.html"},"wordCount":36,"commentCount":0,"publisher":{"@id":"https:\/\/e-motivasyon.net\/#organization"},"image":{"@id":"https:\/\/e-motivasyon.net\/tum-cicekleri-kopartabilirler-ama-yine-de-baharin-gelmesini-asla-engelleyemezler-pablo-neruda.html#primaryimage"},"thumbnailUrl":"https:\/\/e-motivasyon.net\/wp-content\/uploads\/2014\/10\/e-motivasyon.net_ozdeyis.net_resimli_ozlu_sozler_pablo_neruda_sozleri.jpg","keywords":["Pablo Neruda"],"articleSection":["G\u00fcn\u00fcn S\u00f6zleri","Resimli \u00d6zl\u00fc S\u00f6zler","Sabretmek S\u00f6zleri","Umut S\u00f6zleri"],"inLanguage":"en-GB","potentialAction":[{"@type":"CommentAction","name":"Comment","target":["https:\/\/e-motivasyon.net\/tum-cicekleri-kopartabilirler-ama-yine-de-baharin-gelmesini-asla-engelleyemezler-pablo-neruda.html#respond"]}]},{"@type":"WebPage","@id":"https:\/\/e-motivasyon.net\/tum-cicekleri-kopartabilirler-ama-yine-de-baharin-gelmesini-asla-engelleyemezler-pablo-neruda.html","url":"https:\/\/e-motivasyon.net\/tum-cicekleri-kopartabilirler-ama-yine-de-baharin-gelmesini-asla-engelleyemezler-pablo-neruda.html","name":"\"T\u00fcm \u00e7i\u00e7ekleri kopartabilirler; ama yine de bahar\u0131n gelmesini asla engelleyemezler.\" Pablo Neruda | E-Motivasyon","isPartOf":{"@id":"https:\/\/e-motivasyon.net\/#website"},"primaryImageOfPage":{"@id":"https:\/\/e-motivasyon.net\/tum-cicekleri-kopartabilirler-ama-yine-de-baharin-gelmesini-asla-engelleyemezler-pablo-neruda.html#primaryimage"},"image":{"@id":"https:\/\/e-motivasyon.net\/tum-cicekleri-kopartabilirler-ama-yine-de-baharin-gelmesini-asla-engelleyemezler-pablo-neruda.html#primaryimage"},"thumbnailUrl":"https:\/\/e-motivasyon.net\/wp-content\/uploads\/2014\/10\/e-motivasyon.net_ozdeyis.net_resimli_ozlu_sozler_pablo_neruda_sozleri.jpg","datePublished":"2019-02-16T00:56:38+00:00","dateModified":"2026-01-03T19:37:54+00:00","description":"\"T\u00fcm \u00e7i\u00e7ekleri kopartabilirler; ama yine de bahar\u0131n gelmesini asla engelleyemezler.\" Pablo Neruda s\u00f6zleri...","breadcrumb":{"@id":"https:\/\/e-motivasyon.net\/tum-cicekleri-kopartabilirler-ama-yine-de-baharin-gelmesini-asla-engelleyemezler-pablo-neruda.html#breadcrumb"},"inLanguage":"en-GB","potentialAction":[{"@type":"ReadAction","target":["https:\/\/e-motivasyon.net\/tum-cicekleri-kopartabilirler-ama-yine-de-baharin-gelmesini-asla-engelleyemezler-pablo-neruda.html"]}]},{"@type":"ImageObject","inLanguage":"en-GB","@id":"https:\/\/e-motivasyon.net\/tum-cicekleri-kopartabilirler-ama-yine-de-baharin-gelmesini-asla-engelleyemezler-pablo-neruda.html#primaryimage","url":"https:\/\/e-motivasyon.net\/wp-content\/uploads\/2014\/10\/e-motivasyon.net_ozdeyis.net_resimli_ozlu_sozler_pablo_neruda_sozleri.jpg","contentUrl":"https:\/\/e-motivasyon.net\/wp-content\/uploads\/2014\/10\/e-motivasyon.net_ozdeyis.net_resimli_ozlu_sozler_pablo_neruda_sozleri.jpg","width":600,"height":600},{"@type":"BreadcrumbList","@id":"https:\/\/e-motivasyon.net\/tum-cicekleri-kopartabilirler-ama-yine-de-baharin-gelmesini-asla-engelleyemezler-pablo-neruda.html#breadcrumb","itemListElement":[{"@type":"ListItem","position":1,"name":"Ana Sayfa","item":"https:\/\/e-motivasyon.net\/"},{"@type":"ListItem","position":2,"name":"&#8220;T\u00fcm \u00e7i\u00e7ekleri kopartabilirler; ama yine de bahar\u0131n gelmesini asla engelleyemezler.&#8221; Pablo Neruda"}]},{"@type":"WebSite","@id":"https:\/\/e-motivasyon.net\/#website","url":"https:\/\/e-motivasyon.net\/","name":"E-Motivation","description":"Motivasyon Adresin","publisher":{"@id":"https:\/\/e-motivasyon.net\/#organization"},"alternateName":"E-Motivasyon","potentialAction":[{"@type":"SearchAction","target":{"@type":"EntryPoint","urlTemplate":"https:\/\/e-motivasyon.net\/?s={search_term_string}"},"query-input":{"@type":"PropertyValueSpecification","valueRequired":true,"valueName":"search_term_string"}}],"inLanguage":"en-GB"},{"@type":"Organization","@id":"https:\/\/e-motivasyon.net\/#organization","name":"e-motivation.net","alternateName":"E-Motivasyon","url":"https:\/\/e-motivasyon.net\/","logo":{"@type":"ImageObject","inLanguage":"en-GB","@id":"https:\/\/e-motivasyon.net\/#\/schema\/logo\/image\/","url":"http:\/\/e-motivasyon.net\/wp-content\/uploads\/2015\/08\/e-motivasyon.net_.png","contentUrl":"http:\/\/e-motivasyon.net\/wp-content\/uploads\/2015\/08\/e-motivasyon.net_.png","width":200,"height":200,"caption":"e-motivasyon.net"},"image":{"@id":"https:\/\/e-motivasyon.net\/#\/schema\/logo\/image\/"},"sameAs":["https:\/\/www.facebook.com\/emotivasyon","https:\/\/x.com\/emotivasyon"]},{"@type":"Person","@id":"https:\/\/e-motivasyon.net\/#\/schema\/person\/04a8a45f6df4bb11e3a7aeb41500c0a5","name":"ozdeyis.net","image":{"@type":"ImageObject","inLanguage":"en-GB","@id":"https:\/\/e-motivasyon.net\/#\/schema\/person\/image\/","url":"https:\/\/secure.gravatar.com\/avatar\/12f18ac7cbf1382f6e01ac7a35860273b67eedaeb965abfd2adba980e1f9c198?s=96&d=mm&r=g","contentUrl":"https:\/\/secure.gravatar.com\/avatar\/12f18ac7cbf1382f6e01ac7a35860273b67eedaeb965abfd2adba980e1f9c198?s=96&d=mm&r=g","caption":"\u00d6zdeyi\u015f.Net"},"url":"https:\/\/e-motivasyon.net\/en\/author\/ozdeyis"}]}},"_links":{"self":[{"href":"https:\/\/e-motivasyon.net\/en\/wp-json\/wp\/v2\/posts\/13780","targetHints":{"allow":["GET"]}}],"collection":[{"href":"https:\/\/e-motivasyon.net\/en\/wp-json\/wp\/v2\/posts"}],"about":[{"href":"https:\/\/e-motivasyon.net\/en\/wp-json\/wp\/v2\/types\/post"}],"author":[{"embeddable":true,"href":"https:\/\/e-motivasyon.net\/en\/wp-json\/wp\/v2\/users\/13538"}],"replies":[{"embeddable":true,"href":"https:\/\/e-motivasyon.net\/en\/wp-json\/wp\/v2\/comments?post=13780"}],"version-history":[{"count":0,"href":"https:\/\/e-motivasyon.net\/en\/wp-json\/wp\/v2\/posts\/13780\/revisions"}],"wp:featuredmedia":[{"embeddable":true,"href":"https:\/\/e-motivasyon.net\/en\/wp-json\/wp\/v2\/media\/35571"}],"wp:attachment":[{"href":"https:\/\/e-motivasyon.net\/en\/wp-json\/wp\/v2\/media?parent=13780"}],"wp:term":[{"taxonomy":"category","embeddable":true,"href":"https:\/\/e-motivasyon.net\/en\/wp-json\/wp\/v2\/categories?post=13780"},{"taxonomy":"post_tag","embeddable":true,"href":"https:\/\/e-motivasyon.net\/en\/wp-json\/wp\/v2\/tags?post=13780"}],"curies":[{"name":"wp","href":"https:\/\/api.w.org\/{rel}","templated":true}]}}